{"id":1200,"date":"2023-09-05T15:12:45","date_gmt":"2023-09-05T13:12:45","guid":{"rendered":"https:\/\/pasaenmendoza.com\/?p=1200"},"modified":"2023-09-05T15:12:47","modified_gmt":"2023-09-05T13:12:47","slug":"sigue-el-tiempo-fresco-y-parcialmente-nublado","status":"publish","type":"post","link":"https:\/\/pasaenmendoza.com\/?p=1200","title":{"rendered":"Sigue el tiempo fresco y parcialmente nublado"},"content":{"rendered":"\n<p>\u00a0<strong>Este martes contin\u00faan los d\u00edas nublados y algo frescos,<\/strong>\u00a0pero ma\u00f1ana mi\u00e9rcoles se prev\u00e9 ascenso de temperatura, aunque luego vuelve a bajar.\u00a0<\/p>\n\n\n\n<p>Seg\u00fan las previsiones del\u00a0<strong>Servicio Meteorol\u00f3gico Nacional<\/strong>, la m\u00e1xima esperada para hoy es de 15\u00b0.<\/p>\n\n\n\n<p>El cielo estar\u00e1 entre\u00a0<strong>parcialmente nublado y nublado<\/strong>\u00a0y en la ma\u00f1ana sopla viento del oeste.\u00a0<\/p>\n\n\n\n<p>Para ma\u00f1ana mi\u00e9rcoles, se espera ascenso de temperatura pero el cielo sigue nublado.<\/p>\n\n\n\n<p><strong>La m\u00e1xima pronosticada para el mi\u00e9rcoles es de 19\u00b0.<\/strong><\/p>\n\n\n\n<p><strong>Fuente: www.mendozapost.com.ar<\/strong><\/p>\n","protected":false},"excerpt":{"rendered":"<p>\u00a0Este martes contin\u00faan los d\u00edas nublados y algo frescos,\u00a0pero ma\u00f1ana mi\u00e9rcoles se prev\u00e9 ascenso de temperatura, aunque luego vuelve a bajar.\u00a0 Seg\u00fan las previsiones del\u00a0Servicio Meteorol\u00f3gico Nacional, la m\u00e1xima esperada para hoy es de 15\u00b0. El cielo estar\u00e1 entre\u00a0parcialmente nublado y nublado\u00a0y en la ma\u00f1ana sopla viento del oeste.\u00a0 Para ma\u00f1ana mi\u00e9rcoles, se espera ascenso [&hellip;]<\/p>\n","protected":false},"author":2,"featured_media":1202,"comment_status":"open","ping_status":"open","sticky":false,"template":"","format":"standard","meta":[],"categories":[52],"tags":[],"_links":{"self":[{"href":"https:\/\/pasaenmendoza.com\/index.php?rest_route=\/wp\/v2\/posts\/1200"}],"collection":[{"href":"https:\/\/pasaenmendoza.com\/index.php?rest_route=\/wp\/v2\/posts"}],"about":[{"href":"https:\/\/pasaenmendoza.com\/index.php?rest_route=\/wp\/v2\/types\/post"}],"author":[{"embeddable":true,"href":"https:\/\/pasaenmendoza.com\/index.php?rest_route=\/wp\/v2\/users\/2"}],"replies":[{"embeddable":true,"href":"https:\/\/pasaenmendoza.com\/index.php?rest_route=%2Fwp%2Fv2%2Fcomments&post=1200"}],"version-history":[{"count":1,"href":"https:\/\/pasaenmendoza.com\/index.php?rest_route=\/wp\/v2\/posts\/1200\/revisions"}],"predecessor-version":[{"id":1203,"href":"https:\/\/pasaenmendoza.com\/index.php?rest_route=\/wp\/v2\/posts\/1200\/revisions\/1203"}],"wp:featuredmedia":[{"embeddable":true,"href":"https:\/\/pasaenmendoza.com\/index.php?rest_route=\/wp\/v2\/media\/1202"}],"wp:attachment":[{"href":"https:\/\/pasaenmendoza.com\/index.php?rest_route=%2Fwp%2Fv2%2Fmedia&parent=1200"}],"wp:term":[{"taxonomy":"category","embeddable":true,"href":"https:\/\/pasaenmendoza.com\/index.php?rest_route=%2Fwp%2Fv2%2Fcategories&post=1200"},{"taxonomy":"post_tag","embeddable":true,"href":"https:\/\/pasaenmendoza.com\/index.php?rest_route=%2Fwp%2Fv2%2Ftags&post=1200"}],"curies":[{"name":"wp","href":"https:\/\/api.w.org\/{rel}","templated":true}]}}