{"id":12000,"date":"2025-03-13T13:26:23","date_gmt":"2025-03-13T12:26:23","guid":{"rendered":"https:\/\/pasaenmendoza.com\/?p=12000"},"modified":"2025-03-13T13:26:24","modified_gmt":"2025-03-13T12:26:24","slug":"transito-complicado-por-un-choque-en-acceso-sur","status":"publish","type":"post","link":"https:\/\/pasaenmendoza.com\/?p=12000","title":{"rendered":"Tr\u00e1nsito complicado por un choque en Acceso Sur"},"content":{"rendered":"\n<p>Un choque en Acceso Sur y Ar\u00e1oz gener\u00f3 caos vehicular la ma\u00f1ana de este jueves en Mendoza.<\/p>\n\n\n\n<p>El siniestro ocurri\u00f3 minutos antes de las 9 y provoc\u00f3 serias demoras en el tr\u00e1nsito.<\/p>\n\n\n\n<p>El accidente involucr\u00f3 a dos Volkswagen Gol.<\/p>\n\n\n\n<p><strong>Fuente: www.elsol.com.ar<\/strong><\/p>\n","protected":false},"excerpt":{"rendered":"<p>Un choque en Acceso Sur y Ar\u00e1oz gener\u00f3 caos vehicular la ma\u00f1ana de este jueves en Mendoza. El siniestro ocurri\u00f3 minutos antes de las 9 y provoc\u00f3 serias demoras en el tr\u00e1nsito. El accidente involucr\u00f3 a dos Volkswagen Gol. Fuente: www.elsol.com.ar<\/p>\n","protected":false},"author":2,"featured_media":12001,"comment_status":"open","ping_status":"open","sticky":false,"template":"","format":"standard","meta":[],"categories":[48],"tags":[],"_links":{"self":[{"href":"https:\/\/pasaenmendoza.com\/index.php?rest_route=\/wp\/v2\/posts\/12000"}],"collection":[{"href":"https:\/\/pasaenmendoza.com\/index.php?rest_route=\/wp\/v2\/posts"}],"about":[{"href":"https:\/\/pasaenmendoza.com\/index.php?rest_route=\/wp\/v2\/types\/post"}],"author":[{"embeddable":true,"href":"https:\/\/pasaenmendoza.com\/index.php?rest_route=\/wp\/v2\/users\/2"}],"replies":[{"embeddable":true,"href":"https:\/\/pasaenmendoza.com\/index.php?rest_route=%2Fwp%2Fv2%2Fcomments&post=12000"}],"version-history":[{"count":1,"href":"https:\/\/pasaenmendoza.com\/index.php?rest_route=\/wp\/v2\/posts\/12000\/revisions"}],"predecessor-version":[{"id":12002,"href":"https:\/\/pasaenmendoza.com\/index.php?rest_route=\/wp\/v2\/posts\/12000\/revisions\/12002"}],"wp:featuredmedia":[{"embeddable":true,"href":"https:\/\/pasaenmendoza.com\/index.php?rest_route=\/wp\/v2\/media\/12001"}],"wp:attachment":[{"href":"https:\/\/pasaenmendoza.com\/index.php?rest_route=%2Fwp%2Fv2%2Fmedia&parent=12000"}],"wp:term":[{"taxonomy":"category","embeddable":true,"href":"https:\/\/pasaenmendoza.com\/index.php?rest_route=%2Fwp%2Fv2%2Fcategories&post=12000"},{"taxonomy":"post_tag","embeddable":true,"href":"https:\/\/pasaenmendoza.com\/index.php?rest_route=%2Fwp%2Fv2%2Ftags&post=12000"}],"curies":[{"name":"wp","href":"https:\/\/api.w.org\/{rel}","templated":true}]}}