{"id":12003,"date":"2025-03-13T13:30:32","date_gmt":"2025-03-13T12:30:32","guid":{"rendered":"https:\/\/pasaenmendoza.com\/?p=12003"},"modified":"2025-03-13T13:30:33","modified_gmt":"2025-03-13T12:30:33","slug":"un-motociclista-de-39-anos-murio-en-un-accidente-en-la-costanera","status":"publish","type":"post","link":"https:\/\/pasaenmendoza.com\/?p=12003","title":{"rendered":"Un motociclista de 39 a\u00f1os muri\u00f3 en un accidente en la Costanera"},"content":{"rendered":"\n<p>Durante la noche de este mi\u00e9rcoles, un\u00a0<strong>motociclista muri\u00f3 en un tr\u00e1gico accidente\u00a0<\/strong>en la\u00a0<strong>Costanera<\/strong>. El incidente ocurri\u00f3 alrededor de las 20 horas, en las cercan\u00edas de la intersecci\u00f3n de\u00a0<strong>Gobernador Videla y Pascual Toso.<\/strong><\/p>\n\n\n\n<p>\u00a0El accidente involucr\u00f3 a dos veh\u00edculos. El primero fue una camioneta marca\u00a0<strong>Peugeot, modelo Partner<\/strong>, conducida por\u00a0<strong>Mariano Miguel Fari\u00f1a<\/strong>, de 42 a\u00f1os. El segundo veh\u00edculo era una motocicleta\u00a0<strong>Corven Triax 150CC<\/strong>, al mando de<strong>\u00a0Juan Mart\u00edn Tabani<\/strong>, de 39 a\u00f1os.\u00a0<\/p>\n\n\n\n<p>El accidente ocurri\u00f3 cuando la camioneta, que circulaba por el Acceso Norte en direcci\u00f3n sur, intent\u00f3 colocarse sobre el cantero central de la avenida.<\/p>\n\n\n\n<p>A unos 50 metros de la calle&nbsp;<strong>Pascual Toso<\/strong>, la camioneta colision\u00f3 con la motocicleta que se estaba adelantando por la derecha. Como resultado,&nbsp;<strong>Tabani<\/strong>&nbsp;perdi\u00f3 el control de su moto, lo que provoc\u00f3 que colisionara violentamente contra un cartel de se\u00f1alizaci\u00f3n vial.<\/p>\n\n\n\n<p>Personal del&nbsp;<strong>Servicio de Emergencias Coordinado (SEC)<\/strong>&nbsp;lleg\u00f3 al lugar y<strong>&nbsp;confirm\u00f3 el deceso del motociclista<\/strong>. A pesar de la gravedad del accidente,&nbsp;<strong>Fari\u00f1a<\/strong>&nbsp;no sufri\u00f3 lesiones.<\/p>\n\n\n\n<p>\u00a0Las autoridades viales est\u00e1n llevando a cabo una investigaci\u00f3n para determinar las circunstancias exactas del accidente y las responsabilidades involucradas.\u00a0<\/p>\n\n\n\n<p><strong>Fuente: www.mendozapost.com<\/strong><\/p>\n","protected":false},"excerpt":{"rendered":"<p>Durante la noche de este mi\u00e9rcoles, un\u00a0motociclista muri\u00f3 en un tr\u00e1gico accidente\u00a0en la\u00a0Costanera. El incidente ocurri\u00f3 alrededor de las 20 horas, en las cercan\u00edas de la intersecci\u00f3n de\u00a0Gobernador Videla y Pascual Toso. \u00a0El accidente involucr\u00f3 a dos veh\u00edculos. El primero fue una camioneta marca\u00a0Peugeot, modelo Partner, conducida por\u00a0Mariano Miguel Fari\u00f1a, de 42 a\u00f1os. El segundo [&hellip;]<\/p>\n","protected":false},"author":2,"featured_media":12004,"comment_status":"open","ping_status":"open","sticky":false,"template":"","format":"standard","meta":[],"categories":[48],"tags":[],"_links":{"self":[{"href":"https:\/\/pasaenmendoza.com\/index.php?rest_route=\/wp\/v2\/posts\/12003"}],"collection":[{"href":"https:\/\/pasaenmendoza.com\/index.php?rest_route=\/wp\/v2\/posts"}],"about":[{"href":"https:\/\/pasaenmendoza.com\/index.php?rest_route=\/wp\/v2\/types\/post"}],"author":[{"embeddable":true,"href":"https:\/\/pasaenmendoza.com\/index.php?rest_route=\/wp\/v2\/users\/2"}],"replies":[{"embeddable":true,"href":"https:\/\/pasaenmendoza.com\/index.php?rest_route=%2Fwp%2Fv2%2Fcomments&post=12003"}],"version-history":[{"count":1,"href":"https:\/\/pasaenmendoza.com\/index.php?rest_route=\/wp\/v2\/posts\/12003\/revisions"}],"predecessor-version":[{"id":12005,"href":"https:\/\/pasaenmendoza.com\/index.php?rest_route=\/wp\/v2\/posts\/12003\/revisions\/12005"}],"wp:featuredmedia":[{"embeddable":true,"href":"https:\/\/pasaenmendoza.com\/index.php?rest_route=\/wp\/v2\/media\/12004"}],"wp:attachment":[{"href":"https:\/\/pasaenmendoza.com\/index.php?rest_route=%2Fwp%2Fv2%2Fmedia&parent=12003"}],"wp:term":[{"taxonomy":"category","embeddable":true,"href":"https:\/\/pasaenmendoza.com\/index.php?rest_route=%2Fwp%2Fv2%2Fcategories&post=12003"},{"taxonomy":"post_tag","embeddable":true,"href":"https:\/\/pasaenmendoza.com\/index.php?rest_route=%2Fwp%2Fv2%2Ftags&post=12003"}],"curies":[{"name":"wp","href":"https:\/\/api.w.org\/{rel}","templated":true}]}}