{"id":12006,"date":"2025-03-13T13:41:46","date_gmt":"2025-03-13T12:41:46","guid":{"rendered":"https:\/\/pasaenmendoza.com\/?p=12006"},"modified":"2025-03-13T13:41:47","modified_gmt":"2025-03-13T12:41:47","slug":"buscan-que-la-dge-compre-microfonos-para-todos-los-docentes","status":"publish","type":"post","link":"https:\/\/pasaenmendoza.com\/?p=12006","title":{"rendered":"Buscan que la DGE compre micr\u00f3fonos para todos los docentes"},"content":{"rendered":"\n<p>Este mi\u00e9rcoles, la diputada provincial&nbsp;<strong>Roxana Escudero<\/strong>&nbsp;del Partido Justicialista present\u00f3 en la Legislatura mendocina un proyecto de ley que propone&nbsp;<strong>dotar a los docentes de un &#8220;dispositivo tecnol\u00f3gico que amplifique su voz&#8221;&nbsp;<\/strong>enclases con m\u00e1s de 25 alumnos, tanto en establecimientos educativos p\u00fablicos como privados bajo la \u00f3rbita de la Direcci\u00f3n General de Escuelas (DGE).<\/p>\n\n\n\n<p>Seg\u00fan los fundamentos del proyecto, los docentes que trabajan en aulas con una gran cantidad de estudiantes deben hacer un esfuerzo considerable para proyectar su voz durante mucho tiempo, y esto puede generar problemas de salud. De hecho, se sostiene que actualmente hay docentes que utilizan &#8220;<strong>micr\u00f3fonos vincha<\/strong>&#8221; para poder cuidarse y brindar una mejor calidad educativa, pero lo tienen &#8220;solo aquellos que pueden adquirirlo&#8221;.<\/p>\n\n\n\n<p>Por esta raz\u00f3n, el proyecto propone que la\u00a0<strong>DGE<\/strong>\u00a0se encargue de proporcionar estos dispositivos tecnol\u00f3gicos. Adem\u00e1s, se argumenta que invertir en la\u00a0<strong>prevenci\u00f3n de la disfon\u00eda<\/strong>\u00a0ser\u00eda beneficioso y econ\u00f3mico para el Estado provincial, ya que ayudar\u00eda a\u00a0<strong>reducir los casos de esta afecci\u00f3n<\/strong>, com\u00fan en los docentes, y evitar\u00eda solicitudes de licencias y otros problemas que podr\u00edan interrumpir el normal desarrollo de las clases.<\/p>\n\n\n\n<p><strong>Ampliar la voz y el presupuesto<\/strong><\/p>\n\n\n\n<p>En di\u00e1logo con el<strong>\u00a0<em>Post<\/em><\/strong>, la diputada\u00a0<strong>Roxana Escudero<\/strong>\u00a0expres\u00f3 que &#8220;seg\u00fan los docentes que hemos entrevistado, sabemos que es fundamental mejorar la salud ocupacional en Mendoza. Cada docente que acude a las ART para recibir tratamiento por enfermedades de la voz enfrenta una verdadera odisea, y cuando les otorgan el alta, desde Salud Laboral de la DGE no les expiden la aptitud correspondiente, lo que les impide dar clases. Por esta raz\u00f3n, muchos docentes optan por no denunciar la enfermedad que padecen, por miedo a perder su empleo&#8221;.<\/p>\n\n\n\n<p>En este contexto, la diputada explic\u00f3: &#8220;Con este proyecto buscamos invertir en prevenci\u00f3n. Sabemos que la iniciativa no aplicar\u00eda para todos los docentes, ya que depende de la cantidad de alumnos y el tama\u00f1o de los cursos&#8221;. Al mismo tiempo, detall\u00f3 que la implementaci\u00f3n de amplificadores de voz estar\u00eda dirigida espec\u00edficamente a aquellos docentes que trabajen con grupos de m\u00e1s de 25 alumnos.<\/p>\n\n\n\n<p>&#8220;Sabemos que muchos docentes ya est\u00e1n utilizando la tecnolog\u00eda que proponemos, pero debido a su alto costo (que var\u00eda entre 70 y 100 mil pesos), los maestros se la prestan entre s\u00ed, seg\u00fan qui\u00e9n est\u00e9 experimentando problemas de voz y qui\u00e9n no&#8221;, a\u00f1adi\u00f3. Finalmente, la diputada destac\u00f3 que, de implementarse, la medida mejorar\u00eda la calidad de la ense\u00f1anza, subrayando que tambi\u00e9n beneficiar\u00eda a los alumnos con dificultades auditivas y permitir\u00eda a los docentes expresarse sin esfuerzo vocal.<\/p>\n\n\n\n<p>\u00a0A su vez,\u00a0 el proyecto tambi\u00e9n contempla una actualizaci\u00f3n de la\u00a0<strong>Ley N\u00b0 7701<\/strong>, la cual fue sancionada en el a\u00f1o 2007 e incorpor\u00f3 la obligaci\u00f3n de destinar partidas presupuestarias\u00a0 a la prevenci\u00f3n de la disfon\u00eda profesional de los trabajadores docentes. El problema, se concentra en que dicho monto no fue actualizado y actualmente s\u00f3lo se destinar\u00edan $100.000.\u00a0<\/p>\n\n\n\n<p>En esta direcci\u00f3n, la iniciativa presentada por el bloque de diputados del PJ local, destac\u00f3 que los montos establecidos &#8220;han quedado totalmente obsoletos e insuficientes&#8221;. Por lo tanto, el proyecto propone modificar espec\u00edficamente un art\u00edculo de dicho marco normativo para actualizar las partidas presupuestarias necesarias para dar cumplimiento con lo dispuesto por ley.\u00a0 \u00a0<\/p>\n\n\n\n<p><strong>Fuente: www.mendozapost.com<\/strong><\/p>\n","protected":false},"excerpt":{"rendered":"<p>Este mi\u00e9rcoles, la diputada provincial&nbsp;Roxana Escudero&nbsp;del Partido Justicialista present\u00f3 en la Legislatura mendocina un proyecto de ley que propone&nbsp;dotar a los docentes de un &#8220;dispositivo tecnol\u00f3gico que amplifique su voz&#8221;&nbsp;enclases con m\u00e1s de 25 alumnos, tanto en establecimientos educativos p\u00fablicos como privados bajo la \u00f3rbita de la Direcci\u00f3n General de Escuelas (DGE). Seg\u00fan los fundamentos [&hellip;]<\/p>\n","protected":false},"author":2,"featured_media":12007,"comment_status":"open","ping_status":"open","sticky":false,"template":"","format":"standard","meta":[],"categories":[47],"tags":[],"_links":{"self":[{"href":"https:\/\/pasaenmendoza.com\/index.php?rest_route=\/wp\/v2\/posts\/12006"}],"collection":[{"href":"https:\/\/pasaenmendoza.com\/index.php?rest_route=\/wp\/v2\/posts"}],"about":[{"href":"https:\/\/pasaenmendoza.com\/index.php?rest_route=\/wp\/v2\/types\/post"}],"author":[{"embeddable":true,"href":"https:\/\/pasaenmendoza.com\/index.php?rest_route=\/wp\/v2\/users\/2"}],"replies":[{"embeddable":true,"href":"https:\/\/pasaenmendoza.com\/index.php?rest_route=%2Fwp%2Fv2%2Fcomments&post=12006"}],"version-history":[{"count":1,"href":"https:\/\/pasaenmendoza.com\/index.php?rest_route=\/wp\/v2\/posts\/12006\/revisions"}],"predecessor-version":[{"id":12008,"href":"https:\/\/pasaenmendoza.com\/index.php?rest_route=\/wp\/v2\/posts\/12006\/revisions\/12008"}],"wp:featuredmedia":[{"embeddable":true,"href":"https:\/\/pasaenmendoza.com\/index.php?rest_route=\/wp\/v2\/media\/12007"}],"wp:attachment":[{"href":"https:\/\/pasaenmendoza.com\/index.php?rest_route=%2Fwp%2Fv2%2Fmedia&parent=12006"}],"wp:term":[{"taxonomy":"category","embeddable":true,"href":"https:\/\/pasaenmendoza.com\/index.php?rest_route=%2Fwp%2Fv2%2Fcategories&post=12006"},{"taxonomy":"post_tag","embeddable":true,"href":"https:\/\/pasaenmendoza.com\/index.php?rest_route=%2Fwp%2Fv2%2Ftags&post=12006"}],"curies":[{"name":"wp","href":"https:\/\/api.w.org\/{rel}","templated":true}]}}