{"id":1201,"date":"2023-09-05T15:16:57","date_gmt":"2023-09-05T13:16:57","guid":{"rendered":"https:\/\/pasaenmendoza.com\/?p=1201"},"modified":"2023-09-05T15:16:57","modified_gmt":"2023-09-05T13:16:57","slug":"definieron-horarios-y-sedes-para-el-segundo-examen-de-ingreso-al-poder-judicial","status":"publish","type":"post","link":"https:\/\/pasaenmendoza.com\/?p=1201","title":{"rendered":"Definieron horarios y sedes para el segundo examen de ingreso al Poder Judicial"},"content":{"rendered":"\n<p>El segundo examen de ingreso al\u00a0<strong>Poder Judicial\u00a0<\/strong>se har\u00e1 los d\u00edas 15 y 16 de septiembre\u00a0como dispuso el plenario de la Suprema Corte de Justicia.\u00a0Ahora la comisi\u00f3n del concurso defini\u00f3 horarios y sedes.<\/p>\n\n\n\n<p>El examen&nbsp;<strong>se rendir\u00e1 de manera presencial<\/strong>&nbsp;y el cuestionario se responder\u00e1 a trav\u00e9s de la&nbsp;<strong>plataforma Moodle.&nbsp;<\/strong>El horario y el lugar de examen se asignaron autom\u00e1ticamente y&nbsp;<strong>no puede ser modificado<\/strong>.<\/p>\n\n\n\n<p>Aunque el segundo examen estaba previsto para el 22 de agosto y de manera virtual, tal como se hab\u00eda evaluado en junio,\u00a0<strong>el plenario de la Corte debi\u00f3 intervenir debido a los cuestionamientos a los resultados\u00a0<\/strong>y a la modalidad de la primera evaluaci\u00f3n.<\/p>\n\n\n\n<h2 class=\"wp-block-heading\"><strong>Detalles del segundo examen<\/strong><\/h2>\n\n\n\n<p><strong>Las 2.150 personas que est\u00e1n habilitadas para rendir<\/strong>&nbsp;el segundo examen de ingreso al Poder Judicial de Mendoza ya conocen lugar y hora en la que tendr\u00e1n, de manera presencial, que dar la evaluaci\u00f3n los d\u00edas 15 y 16 de septiembre.<\/p>\n\n\n\n<p>La decisi\u00f3n fue de la comisi\u00f3n del concurso que se encuentra conformada por el fiscal de C\u00e1mara<strong>&nbsp;V\u00edctor Hugo Babolene<\/strong>&nbsp;en representaci\u00f3n de la Asociaci\u00f3n de Magistrados;&nbsp;<strong>Pedro Quilpatay&nbsp;<\/strong>como parte de la Asociaci\u00f3n Gremial de Empleados y Funcionarios del Poder Judicial y<strong>&nbsp;Hugo Correa<\/strong>&nbsp;como responsable m\u00e1ximo de la Direcci\u00f3n de Recursos Humanos de la Suprema Corte de Justicia.<\/p>\n\n\n\n<p>Para los aspirantes de la primera circunscripci\u00f3n judicial el lugar elegido es la&nbsp;<strong>Facultad de Ciencias Econ\u00f3micas,&nbsp;<\/strong>ubicada en la Universidad Nacional de Cuyo; en la segunda circunscripci\u00f3n judicial se rendir\u00e1 en la<strong>&nbsp;Facultad de Ciencias Econ\u00f3micas de San Rafael y en el Juzgado de Familia de Malarg\u00fce<\/strong>. Quienes rindan en la tercera circunscripci\u00f3n judicial, lo har\u00e1n en el edificio del&nbsp;<strong>Poder Judicial de San Mart\u00edn<\/strong>&nbsp;y finalmente quienes deban dar el examen en la cuarta circunscripci\u00f3n judicial lo har\u00e1n en el edificio del&nbsp;<strong>Poder Judicial de Tunuy\u00e1n<\/strong>.<\/p>\n\n\n\n<p>Si bien se enviar\u00e1 un mail a los aspirantes a ingresar con el d\u00eda, hora y lugar en el que van a tener que rendir el segundo examen; el dato est\u00e1 notificado a trav\u00e9s de la&nbsp;<strong>p\u00e1gina web del Poder Judicial de Mendoza (jusmendoza.gob.ar),&nbsp;<\/strong>donde ya se encuentra publicada la lista completa de las personas que rendir\u00e1n la segunda evaluaci\u00f3n.<\/p>\n\n\n\n<p>Es importante destacar que&nbsp;<strong>no podr\u00e1 modificarse ni el d\u00eda, ni la hora, ni el lugar<\/strong>&nbsp;en el que se asign\u00f3 de manera autom\u00e1tica para rendir. Para sacar todas las dudas, se elabor\u00f3 un protocolo en el cual se establece, entre otras cosas, que&nbsp;<strong>la persona deber\u00e1 ingresar sola, sin celular ni material de consulta y que la persona que estar\u00e1 presente no responder\u00e1 dudas sobre el examen que se est\u00e1 rindiendo.<\/strong><\/p>\n\n\n\n<p>El aspirante a ingresar al Poder Judicial de Mendoza deber\u00e1 concurrir al lugar del examen el d\u00eda y la hora asignada con el Documento Nacional de Identidad o pasaporte vigente para acreditar la identidad.<\/p>\n\n\n\n<p>En cuanto al examen en s\u00ed,&nbsp;<strong>consistir\u00e1 en 64 preguntas de opci\u00f3n m\u00faltiple y tendr\u00e1 una duraci\u00f3n de 64 minutos como m\u00e1ximo.&nbsp;<\/strong>En cuanto al temario, se corresponder\u00e1 a los M\u00f3dulos II, III y IV del material de estudio publicado en la p\u00e1gina web y disponible para descarga.<\/p>\n\n\n\n<p>Al finalizar, el sistema autom\u00e1ticamente dar\u00e1 el puntaje obtenido a la persona.<strong>&nbsp;El lunes 18 de septiembre se enviar\u00e1 a cada aspirante un correo electr\u00f3nico para indicar el per\u00edodo en el cual podr\u00e1 acceder a la Plataforma Moodle para visualizar el examen completo realizado, con sus respectivas preguntas, respuestas y calificaciones.&nbsp;<\/strong>El sistema que se utilizar\u00e1 para realizar impugnaciones, al igual que en el primer examen de conocimientos, ser\u00e1 el sistema ticket.<\/p>\n\n\n\n<p><strong>Para ingresar al Poder Judicial de Mendoza se inscribieron casi 50.000 mendocinos. Poco m\u00e1s de 18.000 rindieron la primera evaluaci\u00f3n y aprobaron poco m\u00e1s de 2.100. Las vacantes son cerca de 200.<\/strong><\/p>\n\n\n\n<p>Se ofreci\u00f3 un\u00a0<strong>sueldo b\u00e1sico inicial de $130.000<\/strong>\u00a0y los ingresantes tendr\u00e1n puestos administrativos en \u00e1reas que dependen del m\u00e1ximo tribunal de justicia.<\/p>\n\n\n\n<p><strong>Fuente: www.diariouno.com.ar<\/strong><\/p>\n","protected":false},"excerpt":{"rendered":"<p>El segundo examen de ingreso al\u00a0Poder Judicial\u00a0se har\u00e1 los d\u00edas 15 y 16 de septiembre\u00a0como dispuso el plenario de la Suprema Corte de Justicia.\u00a0Ahora la comisi\u00f3n del concurso defini\u00f3 horarios y sedes. El examen&nbsp;se rendir\u00e1 de manera presencial&nbsp;y el cuestionario se responder\u00e1 a trav\u00e9s de la&nbsp;plataforma Moodle.&nbsp;El horario y el lugar de examen se asignaron [&hellip;]<\/p>\n","protected":false},"author":2,"featured_media":1206,"comment_status":"open","ping_status":"open","sticky":false,"template":"","format":"standard","meta":[],"categories":[50],"tags":[],"_links":{"self":[{"href":"https:\/\/pasaenmendoza.com\/index.php?rest_route=\/wp\/v2\/posts\/1201"}],"collection":[{"href":"https:\/\/pasaenmendoza.com\/index.php?rest_route=\/wp\/v2\/posts"}],"about":[{"href":"https:\/\/pasaenmendoza.com\/index.php?rest_route=\/wp\/v2\/types\/post"}],"author":[{"embeddable":true,"href":"https:\/\/pasaenmendoza.com\/index.php?rest_route=\/wp\/v2\/users\/2"}],"replies":[{"embeddable":true,"href":"https:\/\/pasaenmendoza.com\/index.php?rest_route=%2Fwp%2Fv2%2Fcomments&post=1201"}],"version-history":[{"count":1,"href":"https:\/\/pasaenmendoza.com\/index.php?rest_route=\/wp\/v2\/posts\/1201\/revisions"}],"predecessor-version":[{"id":1207,"href":"https:\/\/pasaenmendoza.com\/index.php?rest_route=\/wp\/v2\/posts\/1201\/revisions\/1207"}],"wp:featuredmedia":[{"embeddable":true,"href":"https:\/\/pasaenmendoza.com\/index.php?rest_route=\/wp\/v2\/media\/1206"}],"wp:attachment":[{"href":"https:\/\/pasaenmendoza.com\/index.php?rest_route=%2Fwp%2Fv2%2Fmedia&parent=1201"}],"wp:term":[{"taxonomy":"category","embeddable":true,"href":"https:\/\/pasaenmendoza.com\/index.php?rest_route=%2Fwp%2Fv2%2Fcategories&post=1201"},{"taxonomy":"post_tag","embeddable":true,"href":"https:\/\/pasaenmendoza.com\/index.php?rest_route=%2Fwp%2Fv2%2Ftags&post=1201"}],"curies":[{"name":"wp","href":"https:\/\/api.w.org\/{rel}","templated":true}]}}