{"id":12010,"date":"2025-03-13T22:05:18","date_gmt":"2025-03-13T21:05:18","guid":{"rendered":"https:\/\/pasaenmendoza.com\/?p=12010"},"modified":"2025-03-13T22:05:18","modified_gmt":"2025-03-13T21:05:18","slug":"paritarias-un-importante-gremio-acordo-con-el-gobierno-pero-inicio-un-plan-de-lucha","status":"publish","type":"post","link":"https:\/\/pasaenmendoza.com\/?p=12010","title":{"rendered":"Paritarias: un importante gremio acord\u00f3 con el Gobierno, pero inici\u00f3 un plan de lucha"},"content":{"rendered":"\n<p><strong>AMProS&nbsp;<\/strong>anunci\u00f3 este jueves que luego de consultar con las bases, decidi\u00f3 aceptar una de las propuestas elevadas por el Gobierno. La votaci\u00f3n aval\u00f3 dicha medida por un escaso margen. Sin embargo, manifestaron que \u201c<strong><em>el plan de lucha contin\u00faa\u201d.<\/em><\/strong><\/p>\n\n\n\n<p>Desde la asociaci\u00f3n remarcaron que si decid\u00edan rechazar la oferta, esto iba a significar \u201c<strong><em>una mayor precarizaci\u00f3n de la existente y el desmantelamiento de los equipos de salud<\/em><\/strong>\u201c. En el escrito,&nbsp;<strong>AMProS&nbsp;<\/strong>manifest\u00f3 que la propuesta \u201cno cumple con los requisitos de recomposici\u00f3n salarial, ni el aumento para el r\u00e9gimen m\u00e9dico 38, ni propuestas de blanqueo de todos los profesionales que se encuentran precarizados con prestaciones o contratos en negro, desde 2020\u201d.<\/p>\n\n\n\n<p>\u201c<strong><em>Desde el sindicato declaramos el estado de asamblea permanente de todos los profesionales de la salud,<\/em><\/strong>&nbsp;incluido el nuevo r\u00e9gimen 38, hasta tanto se garantice el cumplimiento efectivo de las deudas que el Ejecutivo tiene con los trabajadores\u201d, indicaron en un comunicado oficial.<\/p>\n\n\n\n<p><strong>Claudia Iturbe<\/strong>, secretaria general, afirm\u00f3: \u201cNo claudicaremos en la lucha por la dignidad de los profesionales de la salud que est\u00e1n sosteniendo el deficiente sistema de la salud de Mendoza. A partir de hoy comenzaremos un plan de lucha en toda la provincia con la clara decisi\u00f3n de revertir la destrucci\u00f3n del salario y las enormes desigualdades generadas por el Ejecutivo Provincial entre los integrantes de los equipos profesionales que cuidan la vida de los mendocinos\u201d.<\/p>\n\n\n\n<p>Por su parte, el gobernador&nbsp;<strong>Alfredo Cornejo<\/strong>&nbsp;celebr\u00f3 la noticia en conferencia de prensa. \u201cAcaba de cerrar un acuerdo Ampros, con lo cual casi todas las paritarias&nbsp;<strong>se est\u00e1n cerrando con acuerdo en un momento de incipiente estabilidad de precios<\/strong>. La inflaci\u00f3n sigue siendo alta, pero se da una baja sustantiva respecto a lo que hemos tenido el a\u00f1o pasado. Y eso permite trabajar con m\u00e1s tranquilidad, asique nos parece satisfactorio que Ampros, que siempre ha tenido dificultades para acordar, lo haya hecho hoy\u201d.<\/p>\n\n\n\n<p>La titular de\u00a0<strong>AMProS\u00a0<\/strong>agreg\u00f3: \u201cLo que estamos pidiendo es que el gobernador Cornejo tome una postura m\u00e1s emp\u00e1tica y responsable con la comunidad que depende del sistema p\u00fablico y utilice parte sus 355 mil millones de super\u00e1vit en reconstruir el sistema sanitario de Mendoza\u201d.<\/p>\n\n\n\n<p><strong>Fuente: www.elsol.com.ar<\/strong><\/p>\n","protected":false},"excerpt":{"rendered":"<p>AMProS&nbsp;anunci\u00f3 este jueves que luego de consultar con las bases, decidi\u00f3 aceptar una de las propuestas elevadas por el Gobierno. La votaci\u00f3n aval\u00f3 dicha medida por un escaso margen. Sin embargo, manifestaron que \u201cel plan de lucha contin\u00faa\u201d. Desde la asociaci\u00f3n remarcaron que si decid\u00edan rechazar la oferta, esto iba a significar \u201cuna mayor precarizaci\u00f3n [&hellip;]<\/p>\n","protected":false},"author":2,"featured_media":12011,"comment_status":"open","ping_status":"open","sticky":false,"template":"","format":"standard","meta":[],"categories":[55],"tags":[],"_links":{"self":[{"href":"https:\/\/pasaenmendoza.com\/index.php?rest_route=\/wp\/v2\/posts\/12010"}],"collection":[{"href":"https:\/\/pasaenmendoza.com\/index.php?rest_route=\/wp\/v2\/posts"}],"about":[{"href":"https:\/\/pasaenmendoza.com\/index.php?rest_route=\/wp\/v2\/types\/post"}],"author":[{"embeddable":true,"href":"https:\/\/pasaenmendoza.com\/index.php?rest_route=\/wp\/v2\/users\/2"}],"replies":[{"embeddable":true,"href":"https:\/\/pasaenmendoza.com\/index.php?rest_route=%2Fwp%2Fv2%2Fcomments&post=12010"}],"version-history":[{"count":1,"href":"https:\/\/pasaenmendoza.com\/index.php?rest_route=\/wp\/v2\/posts\/12010\/revisions"}],"predecessor-version":[{"id":12012,"href":"https:\/\/pasaenmendoza.com\/index.php?rest_route=\/wp\/v2\/posts\/12010\/revisions\/12012"}],"wp:featuredmedia":[{"embeddable":true,"href":"https:\/\/pasaenmendoza.com\/index.php?rest_route=\/wp\/v2\/media\/12011"}],"wp:attachment":[{"href":"https:\/\/pasaenmendoza.com\/index.php?rest_route=%2Fwp%2Fv2%2Fmedia&parent=12010"}],"wp:term":[{"taxonomy":"category","embeddable":true,"href":"https:\/\/pasaenmendoza.com\/index.php?rest_route=%2Fwp%2Fv2%2Fcategories&post=12010"},{"taxonomy":"post_tag","embeddable":true,"href":"https:\/\/pasaenmendoza.com\/index.php?rest_route=%2Fwp%2Fv2%2Ftags&post=12010"}],"curies":[{"name":"wp","href":"https:\/\/api.w.org\/{rel}","templated":true}]}}