{"id":12019,"date":"2025-03-13T22:29:32","date_gmt":"2025-03-13T21:29:32","guid":{"rendered":"https:\/\/pasaenmendoza.com\/?p=12019"},"modified":"2025-03-13T22:29:33","modified_gmt":"2025-03-13T21:29:33","slug":"hebe-casado-dijo-que-es-una-posibilidad-afiliarse-al-partido-de-javier-milei","status":"publish","type":"post","link":"https:\/\/pasaenmendoza.com\/?p=12019","title":{"rendered":"Hebe Casado dijo que &#8220;es una posibilidad&#8221; afiliarse al partido de Javier Milei"},"content":{"rendered":"\n<p>La vicegobernadora de Mendoza,\u00a0<strong>Hebe Casado<\/strong>, est\u00e1 cada vez m\u00e1s cerca de La Libertad Avanza. Este mi\u00e9rcoles confirm\u00f3 que \u201ces una posibilidad\u201d afiliarse al partido del presidente Javier Milei.<\/p>\n\n\n\n<p>El periodista Nacho Rodr\u00edguez dialog\u00f3 con\u00a0<strong>Casado\u00a0<\/strong>en San Rafael, a donde la vicegobernadora lleg\u00f3 junto al gobernador Alfredo Cornejo con agenda completa para entregar viviendas, inaugurar el Hospital de D\u00eda de OSEP y relanzar el programa Destete Precoz.<\/p>\n\n\n\n<p>Respecto de su v\u00ednculo con el partido oficialista,\u00a0<strong>Hebe Casado<\/strong>\u00a0anticip\u00f3 que estudia la posibilidad de sumarse formalmente a las filas de\u00a0<strong>LLA<\/strong>, aunque descart\u00f3 de plano ser candidata a diputada nacional en las elecciones legislativas de este a\u00f1o.<\/p>\n\n\n\n<h2 class=\"wp-block-heading\">Hebe Casado y La Libertad Avanza<\/h2>\n\n\n\n<p>La vicegobernadora de Mendoza no oculta su cercan\u00eda con\u00a0<strong>Javier Milei\u00a0<\/strong>y el partido que el mandatario lidera junto a su hermana Karina. De hecho,\u00a0Casado ya se reuni\u00f3 personalmente con la secretaria de Presidencia\u00a0para tender puentes y abrirle la puerta a una posible alianza con el oficialismo mendocino, liderado por Alfredo Cornejo.<\/p>\n\n\n\n<p>En ese camino,&nbsp;<strong>Hebe Casado<\/strong>&nbsp;analiza dar un paso m\u00e1s all\u00e1: dejar el PRO, que en Mendoza qued\u00f3 en manos de sus \u201cenemigos pol\u00edticos\u201d del demarchismo, y afiliarse a La Libertad Avanza.<\/p>\n\n\n\n<p>\u00bfY su mentora Patricia Bullrich qu\u00e9 har\u00e1?, le consult\u00f3 Rodr\u00edguez. Sin responder por ella, Casado dijo: \u201cPatricia es parte del gobierno de\u00a0<strong>La Libertad Avanza<\/strong>. Es la ministra m\u00e1s importante que tienen y la que est\u00e1 mejor catalogada. La verdad es que est\u00e1 haciendo un trabajo impecable en todo el pa\u00eds\u201d.<\/p>\n\n\n\n<p><strong>Fuente: www.diariouno.com.ar<\/strong><\/p>\n","protected":false},"excerpt":{"rendered":"<p>La vicegobernadora de Mendoza,\u00a0Hebe Casado, est\u00e1 cada vez m\u00e1s cerca de La Libertad Avanza. Este mi\u00e9rcoles confirm\u00f3 que \u201ces una posibilidad\u201d afiliarse al partido del presidente Javier Milei. El periodista Nacho Rodr\u00edguez dialog\u00f3 con\u00a0Casado\u00a0en San Rafael, a donde la vicegobernadora lleg\u00f3 junto al gobernador Alfredo Cornejo con agenda completa para entregar viviendas, inaugurar el Hospital [&hellip;]<\/p>\n","protected":false},"author":2,"featured_media":12020,"comment_status":"open","ping_status":"open","sticky":false,"template":"","format":"standard","meta":[],"categories":[47],"tags":[],"_links":{"self":[{"href":"https:\/\/pasaenmendoza.com\/index.php?rest_route=\/wp\/v2\/posts\/12019"}],"collection":[{"href":"https:\/\/pasaenmendoza.com\/index.php?rest_route=\/wp\/v2\/posts"}],"about":[{"href":"https:\/\/pasaenmendoza.com\/index.php?rest_route=\/wp\/v2\/types\/post"}],"author":[{"embeddable":true,"href":"https:\/\/pasaenmendoza.com\/index.php?rest_route=\/wp\/v2\/users\/2"}],"replies":[{"embeddable":true,"href":"https:\/\/pasaenmendoza.com\/index.php?rest_route=%2Fwp%2Fv2%2Fcomments&post=12019"}],"version-history":[{"count":1,"href":"https:\/\/pasaenmendoza.com\/index.php?rest_route=\/wp\/v2\/posts\/12019\/revisions"}],"predecessor-version":[{"id":12021,"href":"https:\/\/pasaenmendoza.com\/index.php?rest_route=\/wp\/v2\/posts\/12019\/revisions\/12021"}],"wp:featuredmedia":[{"embeddable":true,"href":"https:\/\/pasaenmendoza.com\/index.php?rest_route=\/wp\/v2\/media\/12020"}],"wp:attachment":[{"href":"https:\/\/pasaenmendoza.com\/index.php?rest_route=%2Fwp%2Fv2%2Fmedia&parent=12019"}],"wp:term":[{"taxonomy":"category","embeddable":true,"href":"https:\/\/pasaenmendoza.com\/index.php?rest_route=%2Fwp%2Fv2%2Fcategories&post=12019"},{"taxonomy":"post_tag","embeddable":true,"href":"https:\/\/pasaenmendoza.com\/index.php?rest_route=%2Fwp%2Fv2%2Ftags&post=12019"}],"curies":[{"name":"wp","href":"https:\/\/api.w.org\/{rel}","templated":true}]}}