{"id":12028,"date":"2025-03-14T13:55:29","date_gmt":"2025-03-14T12:55:29","guid":{"rendered":"https:\/\/pasaenmendoza.com\/?p=12028"},"modified":"2025-03-14T13:55:29","modified_gmt":"2025-03-14T12:55:29","slug":"el-cadete-herido-de-un-tiro-sigue-en-terapia-intensiva","status":"publish","type":"post","link":"https:\/\/pasaenmendoza.com\/?p=12028","title":{"rendered":"El cadete herido de un tiro sigue en terapia intensiva"},"content":{"rendered":"\n<p>El\u00a0<strong>cadete que result\u00f3 gravemente herido tras recibir un disparo en el pecho\u00a0<\/strong>sigue internado en terapia intensiva en el Hospital Central de Ciudad. El incidente ocurri\u00f3 este mi\u00e9rcoles por la tarde en el Instituto Universitario de Seguridad P\u00fablica (IUSP), ubicado en San Carlos, cuando un instructor manipulaba un arma en una pr\u00e1ctica dentro de la delegaci\u00f3n Valle de Uco.\u00a0<\/p>\n\n\n\n<p>De acuerdo con los informes m\u00e9dicos, el joven pas\u00f3 la noche estable, sin fiebre, aunque contin\u00faa intubado debido a un neumot\u00f3rax provocado por el impacto del proyectil. Los especialistas indicaron que las primeras 48 horas ser\u00e1n determinantes para su evoluci\u00f3n.<\/p>\n\n\n\n<p><strong>Investigaci\u00f3n en curso sobre el accidente<\/strong><\/p>\n\n\n\n<p>El hecho ocurri\u00f3 cerca de las 17.22, cuando el instructor realizaba un ejercicio en seco, lo que implica manipular el arma sin municiones. Sin embargo, por motivos que a\u00fan se investigan, un disparo se produjo y alcanz\u00f3 al cadete en el t\u00f3rax.\u00a0<\/p>\n\n\n\n<p>Tras el accidente, el joven fue trasladado de urgencia al hospital Tagarelli, donde recibi\u00f3 las primeras atenciones. Luego, debido a la gravedad de la lesi\u00f3n, fue derivado al hospital Antonio Scaravelli y posteriormente al Hospital Central. Mientras tanto, la fiscal\u00eda sigue recopilando pruebas para esclarecer lo sucedido y determinar responsabilidades en el caso.<\/p>\n\n\n\n<p><strong>Estado del cadete y pron\u00f3stico m\u00e9dico<\/strong><\/p>\n\n\n\n<p>Durante la noche, los m\u00e9dicos le realizaron una tomograf\u00eda para evaluar el neumot\u00f3rax causado por la herida de bala. Seg\u00fan los reportes, su condici\u00f3n sigue siendo estable, aunque los especialistas subrayan que las pr\u00f3ximas horas ser\u00e1n clave en su evoluci\u00f3n.\u00a0<\/p>\n\n\n\n<p>Por el momento, el cadete permanece bajo observaci\u00f3n estricta en la unidad de cuidados intensivos y contin\u00faa intubado. No se han reportado signos de infecci\u00f3n ni complicaciones adicionales, lo que brinda una leve esperanza en su recuperaci\u00f3n.<\/p>\n\n\n\n<p><strong>\u00a0Situaci\u00f3n del instructor y accionar judicial<\/strong><\/p>\n\n\n\n<p>El instructor responsable del disparo qued\u00f3 aprehendido mientras avanza la investigaci\u00f3n. Las autoridades judiciales buscan esclarecer las circunstancias del hecho y determinar si se trat\u00f3 de una negligencia o un error involuntario.&nbsp;<\/p>\n\n\n\n<p>El IUSP ha declarado su colaboraci\u00f3n con la fiscal\u00eda y reafirm\u00f3 su compromiso con la seguridad en la formaci\u00f3n de cadetes. A medida que se analicen las pericias, podr\u00edan definirse eventuales sanciones o imputaciones penales para el responsable del disparo.<\/p>\n\n\n\n<p><strong>Fuente: www.mendozapost.com<\/strong><\/p>\n","protected":false},"excerpt":{"rendered":"<p>El\u00a0cadete que result\u00f3 gravemente herido tras recibir un disparo en el pecho\u00a0sigue internado en terapia intensiva en el Hospital Central de Ciudad. El incidente ocurri\u00f3 este mi\u00e9rcoles por la tarde en el Instituto Universitario de Seguridad P\u00fablica (IUSP), ubicado en San Carlos, cuando un instructor manipulaba un arma en una pr\u00e1ctica dentro de la delegaci\u00f3n [&hellip;]<\/p>\n","protected":false},"author":2,"featured_media":12029,"comment_status":"open","ping_status":"open","sticky":false,"template":"","format":"standard","meta":[],"categories":[48],"tags":[],"_links":{"self":[{"href":"https:\/\/pasaenmendoza.com\/index.php?rest_route=\/wp\/v2\/posts\/12028"}],"collection":[{"href":"https:\/\/pasaenmendoza.com\/index.php?rest_route=\/wp\/v2\/posts"}],"about":[{"href":"https:\/\/pasaenmendoza.com\/index.php?rest_route=\/wp\/v2\/types\/post"}],"author":[{"embeddable":true,"href":"https:\/\/pasaenmendoza.com\/index.php?rest_route=\/wp\/v2\/users\/2"}],"replies":[{"embeddable":true,"href":"https:\/\/pasaenmendoza.com\/index.php?rest_route=%2Fwp%2Fv2%2Fcomments&post=12028"}],"version-history":[{"count":1,"href":"https:\/\/pasaenmendoza.com\/index.php?rest_route=\/wp\/v2\/posts\/12028\/revisions"}],"predecessor-version":[{"id":12030,"href":"https:\/\/pasaenmendoza.com\/index.php?rest_route=\/wp\/v2\/posts\/12028\/revisions\/12030"}],"wp:featuredmedia":[{"embeddable":true,"href":"https:\/\/pasaenmendoza.com\/index.php?rest_route=\/wp\/v2\/media\/12029"}],"wp:attachment":[{"href":"https:\/\/pasaenmendoza.com\/index.php?rest_route=%2Fwp%2Fv2%2Fmedia&parent=12028"}],"wp:term":[{"taxonomy":"category","embeddable":true,"href":"https:\/\/pasaenmendoza.com\/index.php?rest_route=%2Fwp%2Fv2%2Fcategories&post=12028"},{"taxonomy":"post_tag","embeddable":true,"href":"https:\/\/pasaenmendoza.com\/index.php?rest_route=%2Fwp%2Fv2%2Ftags&post=12028"}],"curies":[{"name":"wp","href":"https:\/\/api.w.org\/{rel}","templated":true}]}}