{"id":12034,"date":"2025-03-14T22:40:59","date_gmt":"2025-03-14T21:40:59","guid":{"rendered":"https:\/\/pasaenmendoza.com\/?p=12034"},"modified":"2025-03-14T22:41:00","modified_gmt":"2025-03-14T21:41:00","slug":"aumento-del-impuesto-automotor-en-mendoza-por-que-subio-un-40","status":"publish","type":"post","link":"https:\/\/pasaenmendoza.com\/?p=12034","title":{"rendered":"Aumento del impuesto automotor en Mendoza: por qu\u00e9 subi\u00f3 un 40%"},"content":{"rendered":"\n<p>La reciente suba del\u00a0<strong>impuesto automotriz en Mendoza, que super\u00f3 el 150% de aumento promedio,<\/strong>\u00a0ha generado gran controversia. Aunque esta cifra ya era motivo de debate, un cambio en la f\u00f3rmula de c\u00e1lculo establecida por el Gobierno provincial ha incrementado a\u00fan m\u00e1s los costos, aplicando un 40% adicional sobre lo que los contribuyentes habr\u00edan pagado.<\/p>\n\n\n\n<p>Este cambio se debe a una modificaci\u00f3n en el valor de referencia para el c\u00e1lculo del tributo. Desde este a\u00f1o, se utiliza el valor de los veh\u00edculos publicado por la Asociaci\u00f3n de Concesionarios de Automotores de la Rep\u00fablica Argentina (Acara), que en promedio es un\u00a0<strong>40% m\u00e1s alto que el valor anterior,\u00a0<\/strong>publicado por la Direcci\u00f3n Nacional de los Registros de la Propiedad Automotor (Dnrpa).<\/p>\n\n\n\n<p>El Gobierno provincial no ha explicado p\u00fablicamente las razones de esta decisi\u00f3n, aunque en su momento justific\u00f3 el aumento general del impuesto como parte de un ajuste que buscaba corregir 15 a\u00f1os de desactualizaci\u00f3n y equilibrar las diferencias en los\u00a0pagos de los contribuyentes.<\/p>\n\n\n\n<p>A partir de este 2025, el c\u00e1lculo del impuesto se basa en una serie de al\u00edcuotas progresivas que var\u00edan seg\u00fan el valor del veh\u00edculo, utilizando los n\u00fameros de Acara. Estas al\u00edcuotas oscilan entre el 1,5% y el 3% del valor, dependiendo del tipo de veh\u00edculo. Esta metodolog\u00eda reemplaza el sistema anterior, que aplicaba una tasa fija del 3% con topes de aumento.<\/p>\n\n\n\n<h2 class=\"wp-block-heading\"><strong>El debate p\u00fablico y las denuncias<\/strong><\/h2>\n\n\n\n<p>El cambio en la f\u00f3rmula fue denunciado p\u00fablicamente por Valent\u00edn G\u00f3mez, legislador de la Uni\u00f3n Mendocina, quien asegura que el ajuste ha generado un\u00a0<strong>encarecimiento del 40% en el impuesto.<\/strong>\u00a0En un video difundido en redes sociales, G\u00f3mez present\u00f3 un ejemplo del modelo Fiat Cronos 1.3, asegurando que seg\u00fan la Dnrpa, el valor del veh\u00edculo ser\u00eda de $14.000.000, lo que implicar\u00eda un impuesto de $238.000. Sin embargo, seg\u00fan los c\u00e1lculos del Gobierno provincial, el precio base alcanzar\u00eda los $17.622.073, lo que elevar\u00eda el impuesto a $299.575, un aumento de $61.575.<\/p>\n\n\n\n<p>G\u00f3mez advirti\u00f3 que el impuesto vence el 31 de marzo y pidi\u00f3 a los mendocinos que se sumen a la presi\u00f3n para que el Gobierno revise el c\u00e1lculo y reduzca el tributo. Record\u00f3 que en ocasiones anteriores, otros aumentos de impuestos por el Gobierno provincial, como el de la RTO o el impuesto a los camiones, fueron revertidos despu\u00e9s de que las denuncias se viralizaron.<\/p>\n\n\n\n<p><strong>Fuente: www.diariomendoza.com.ar<\/strong><\/p>\n","protected":false},"excerpt":{"rendered":"<p>La reciente suba del\u00a0impuesto automotriz en Mendoza, que super\u00f3 el 150% de aumento promedio,\u00a0ha generado gran controversia. Aunque esta cifra ya era motivo de debate, un cambio en la f\u00f3rmula de c\u00e1lculo establecida por el Gobierno provincial ha incrementado a\u00fan m\u00e1s los costos, aplicando un 40% adicional sobre lo que los contribuyentes habr\u00edan pagado. Este [&hellip;]<\/p>\n","protected":false},"author":2,"featured_media":12035,"comment_status":"open","ping_status":"open","sticky":false,"template":"","format":"standard","meta":[],"categories":[117],"tags":[],"_links":{"self":[{"href":"https:\/\/pasaenmendoza.com\/index.php?rest_route=\/wp\/v2\/posts\/12034"}],"collection":[{"href":"https:\/\/pasaenmendoza.com\/index.php?rest_route=\/wp\/v2\/posts"}],"about":[{"href":"https:\/\/pasaenmendoza.com\/index.php?rest_route=\/wp\/v2\/types\/post"}],"author":[{"embeddable":true,"href":"https:\/\/pasaenmendoza.com\/index.php?rest_route=\/wp\/v2\/users\/2"}],"replies":[{"embeddable":true,"href":"https:\/\/pasaenmendoza.com\/index.php?rest_route=%2Fwp%2Fv2%2Fcomments&post=12034"}],"version-history":[{"count":1,"href":"https:\/\/pasaenmendoza.com\/index.php?rest_route=\/wp\/v2\/posts\/12034\/revisions"}],"predecessor-version":[{"id":12036,"href":"https:\/\/pasaenmendoza.com\/index.php?rest_route=\/wp\/v2\/posts\/12034\/revisions\/12036"}],"wp:featuredmedia":[{"embeddable":true,"href":"https:\/\/pasaenmendoza.com\/index.php?rest_route=\/wp\/v2\/media\/12035"}],"wp:attachment":[{"href":"https:\/\/pasaenmendoza.com\/index.php?rest_route=%2Fwp%2Fv2%2Fmedia&parent=12034"}],"wp:term":[{"taxonomy":"category","embeddable":true,"href":"https:\/\/pasaenmendoza.com\/index.php?rest_route=%2Fwp%2Fv2%2Fcategories&post=12034"},{"taxonomy":"post_tag","embeddable":true,"href":"https:\/\/pasaenmendoza.com\/index.php?rest_route=%2Fwp%2Fv2%2Ftags&post=12034"}],"curies":[{"name":"wp","href":"https:\/\/api.w.org\/{rel}","templated":true}]}}