{"id":12037,"date":"2025-03-14T22:59:56","date_gmt":"2025-03-14T21:59:56","guid":{"rendered":"https:\/\/pasaenmendoza.com\/?p=12037"},"modified":"2025-03-14T23:00:35","modified_gmt":"2025-03-14T22:00:35","slug":"la-dge-confirmo-que-implementara-una-plataforma-para-ensenar-lengua-matematica-y-ciencias-en-la-secundaria","status":"publish","type":"post","link":"https:\/\/pasaenmendoza.com\/?p=12037","title":{"rendered":"La DGE confirm\u00f3 que implementar\u00e1 una plataforma para ense\u00f1ar Lengua, Matem\u00e1tica y Ciencias en la secundaria"},"content":{"rendered":"\n<p>La\u00a0<strong>DGE<\/strong>\u00a0busca agilizar el aprendizaje de Lengua, Matem\u00e1tica y Ciencias en los primeros a\u00f1os de las<strong>\u00a0escuelas secundarias<\/strong>. Por este motivo, el ministro de Educaci\u00f3n, Tadeo Garc\u00eda Zalazar anunci\u00f3 a trav\u00e9s de los medios que este viernes presentar\u00e1n &#8220;Mendoza Aumentada&#8221;, una herramienta\u00a0<strong>tecnol\u00f3gica<\/strong>\u00a0desarrollada con el equipo que produjo &#8220;FlexFlix&#8221; -plataforma de streaming educativa que funciona con IA.<\/p>\n\n\n\n<p>Seg\u00fan indicaron desde el gobierno escolar, este viernes van a dar a conocer c\u00f3mo se realizar\u00e1 la capacitaci\u00f3n para docentes y cu\u00e1les ser\u00e1n las&nbsp;<strong>100 escuelas secundarias&nbsp;<\/strong>piloto en las que se implementar\u00e1 este sistema a partir de abril. El anuncio es en consonancia con el que se realiz\u00f3 el lunes, cuando se anunci\u00f3 la implementaci\u00f3n de la<strong>&nbsp;plataforma&nbsp;<\/strong>de Ingl\u00e9s.<\/p>\n\n\n\n<p>El anuncio se realizar\u00e1 a as 12, en el edificio del Cicunc, en el predio de la UNCuyo.<\/p>\n\n\n\n<h2 class=\"wp-block-heading\">Por qu\u00e9 incorporar tecnolog\u00eda en la escuela secundaria<\/h2>\n\n\n\n<p>La intenci\u00f3n de la gesti\u00f3n educativa de la provincia es no negar, sino incorporar la&nbsp;<strong>tecnolog\u00eda<\/strong>&nbsp;al aprendizaje. Por este motivo, no se proh\u00edbe el uso del tel\u00e9fono celular en el aula, sino que se incentiva a utilizarlo con una funci\u00f3n pedag\u00f3gica.<\/p>\n\n\n\n<p>Si por ejemplo, el docente quiere realizar un ejercicio, lo puede hacer a trav\u00e9s de este sistema, lo que significa poner al servicio de la educaci\u00f3n las<strong>&nbsp;herramientas tecnol\u00f3gicas.<\/strong><\/p>\n\n\n\n<p>Con esta intenci\u00f3n se present\u00f3 el lunes &#8220;Cumbre&#8221; una plataforma para el&nbsp;<strong>aprendizaje<\/strong>&nbsp;de Ingl\u00e9s, que apunta a los primeros dos a\u00f1os de la&nbsp;<strong>escuela secundaria<\/strong>, pero tambi\u00e9n para el \u00faltimo a\u00f1o de primaria.<\/p>\n\n\n\n<p>Seg\u00fan el director General de Escuelas, para esto prepararon un aula m\u00f3vil, que consta de 35 netbooks para los alumnos, 1 notebook para el docente y un ca\u00f1\u00f3n de proyecci\u00f3n con una pantalla&nbsp;<strong>digital<\/strong>.<\/p>\n\n\n\n<h2 class=\"wp-block-heading\">Una gu\u00eda para que los padres eval\u00faen el uso de las pantallas de los chicos<\/h2>\n\n\n\n<p>Esta es una gran preocupaci\u00f3n de los padres con chicos en edad escolar: hasta d\u00f3nde y para qu\u00e9 los ni\u00f1os y adolescentes usan la&nbsp;<strong>tecnolog\u00eda<\/strong>, especialmente, cu\u00e1nto tiempo est\u00e1n los chicos frente a las pantallas.<\/p>\n\n\n\n<p>Como es una duda recurrente, la<strong>\u00a0DGE\u00a0<\/strong>quiere apoyar a las familias en este aspecto y por esto van a elaborar una gu\u00eda que pueda orientar a los adultos en este tipo de cuestionamientos.<\/p>\n\n\n\n<p><strong>Fuente: www.diariouno.com.ar<\/strong><\/p>\n\n\n\n<p><\/p>\n","protected":false},"excerpt":{"rendered":"<p>La\u00a0DGE\u00a0busca agilizar el aprendizaje de Lengua, Matem\u00e1tica y Ciencias en los primeros a\u00f1os de las\u00a0escuelas secundarias. Por este motivo, el ministro de Educaci\u00f3n, Tadeo Garc\u00eda Zalazar anunci\u00f3 a trav\u00e9s de los medios que este viernes presentar\u00e1n &#8220;Mendoza Aumentada&#8221;, una herramienta\u00a0tecnol\u00f3gica\u00a0desarrollada con el equipo que produjo &#8220;FlexFlix&#8221; -plataforma de streaming educativa que funciona con IA. Seg\u00fan [&hellip;]<\/p>\n","protected":false},"author":2,"featured_media":12038,"comment_status":"open","ping_status":"open","sticky":false,"template":"","format":"standard","meta":[],"categories":[56],"tags":[],"_links":{"self":[{"href":"https:\/\/pasaenmendoza.com\/index.php?rest_route=\/wp\/v2\/posts\/12037"}],"collection":[{"href":"https:\/\/pasaenmendoza.com\/index.php?rest_route=\/wp\/v2\/posts"}],"about":[{"href":"https:\/\/pasaenmendoza.com\/index.php?rest_route=\/wp\/v2\/types\/post"}],"author":[{"embeddable":true,"href":"https:\/\/pasaenmendoza.com\/index.php?rest_route=\/wp\/v2\/users\/2"}],"replies":[{"embeddable":true,"href":"https:\/\/pasaenmendoza.com\/index.php?rest_route=%2Fwp%2Fv2%2Fcomments&post=12037"}],"version-history":[{"count":1,"href":"https:\/\/pasaenmendoza.com\/index.php?rest_route=\/wp\/v2\/posts\/12037\/revisions"}],"predecessor-version":[{"id":12039,"href":"https:\/\/pasaenmendoza.com\/index.php?rest_route=\/wp\/v2\/posts\/12037\/revisions\/12039"}],"wp:featuredmedia":[{"embeddable":true,"href":"https:\/\/pasaenmendoza.com\/index.php?rest_route=\/wp\/v2\/media\/12038"}],"wp:attachment":[{"href":"https:\/\/pasaenmendoza.com\/index.php?rest_route=%2Fwp%2Fv2%2Fmedia&parent=12037"}],"wp:term":[{"taxonomy":"category","embeddable":true,"href":"https:\/\/pasaenmendoza.com\/index.php?rest_route=%2Fwp%2Fv2%2Fcategories&post=12037"},{"taxonomy":"post_tag","embeddable":true,"href":"https:\/\/pasaenmendoza.com\/index.php?rest_route=%2Fwp%2Fv2%2Ftags&post=12037"}],"curies":[{"name":"wp","href":"https:\/\/api.w.org\/{rel}","templated":true}]}}