{"id":12040,"date":"2025-03-14T23:13:12","date_gmt":"2025-03-14T22:13:12","guid":{"rendered":"https:\/\/pasaenmendoza.com\/?p=12040"},"modified":"2025-03-14T23:13:13","modified_gmt":"2025-03-14T22:13:13","slug":"alfredo-cornejo-destaco-una-inversion-de-5-000-millones-para-equipamiento-destinado-a-la-salud-publica","status":"publish","type":"post","link":"https:\/\/pasaenmendoza.com\/?p=12040","title":{"rendered":"Alfredo Cornejo destac\u00f3 una inversi\u00f3n de $5.000 millones para equipamiento destinado a la salud p\u00fablica"},"content":{"rendered":"\n<p>El gobernador\u00a0<strong>Alfredo Cornejo<\/strong>\u00a0destac\u00f3 que la provincia destinar\u00e1 &#8220;m\u00e1s tecnolog\u00eda y mejor equipamiento para la\u00a0<strong>salud p\u00fablica<\/strong>\u00a0de Mendoza&#8221; y habl\u00f3 de una inversi\u00f3n de $5.000 millones. Lo hizo a trav\u00e9s de la red social X, y tras marcar -d\u00edas atr\u00e1s- que su perspectiva respecto a la salud y la educaci\u00f3n marca un matiz respecto a algunos criterios que suelen expresarse desde el Ejecutivo nacional.<\/p>\n\n\n\n<p>&#8220;Invertimos 5 mil millones de pesos en instrumental y equipamiento para&nbsp;<strong>hospitales y centros de salud<\/strong>&nbsp;de toda la provincia. Esta incorporaci\u00f3n permitir\u00e1 agilizar la atenci\u00f3n, optimizar los servicios y ampliar la capacidad de respuesta del<strong>&nbsp;sistema sanitario<\/strong>&#8220;, escribi\u00f3 Cornejo en su perfil.<\/p>\n\n\n\n<p>Y a\u00f1adi\u00f3: &#8220;El fortalecimiento del\u00a0<strong>sistema de salud<\/strong>\u00a0requiere reformas, infraestructura y tecnolog\u00eda. En Mendoza avanzamos en cada uno de estos frentes con el objetivo de brindar un servicio m\u00e1s equitativo, accesible y eficiente para todos los mendocinos&#8221;.<\/p>\n\n\n\n<h2 class=\"wp-block-heading\">Cambios en la salud p\u00fablica de Mendoza<\/h2>\n\n\n\n<p>Desde que asumi\u00f3 su segundo mandato,&nbsp;<strong>Cornejo&nbsp;<\/strong>y su equipo han seleccionado algunos aspectos clave de la gesti\u00f3n y la econom\u00eda donde pretenden aplicar cambios. Uno de esos aspectos es la miner\u00eda, otro la Justicia y otro -aunque hay m\u00e1s- el \u00e1mbito de la&nbsp;<strong>salud<\/strong>.<\/p>\n\n\n\n<p>As\u00ed, el ministro\u00a0<strong>Rodolfo Montero<\/strong>\u00a0present\u00f3 en agosto\u00a0la nueva maternidad del Hospital Lagomaggiore, y recientemente se supo que ya son 300 los m\u00e9dicos que se pasaron a un\u00a0<strong>nuevo r\u00e9gimen salarial<\/strong>\u00a0que se mide por objetivos y productividad.<\/p>\n\n\n\n<p>A la par,\u00a0<strong>subsisten desaf\u00edos<\/strong>, como las paritarias con el sector, que siempre traen alguna fricci\u00f3n. Esta semana,\u00a0la Asociaci\u00f3n Mendocina de Profesionales de la Salud (AMPROS) acept\u00f3 el aumento que propuso el oficialismo en paritarias, pero mantiene una serie de protestas.<\/p>\n\n\n\n<p><strong>Fuente: www.diariouno.com.ar<\/strong><\/p>\n\n\n\n<p><\/p>\n","protected":false},"excerpt":{"rendered":"<p>El gobernador\u00a0Alfredo Cornejo\u00a0destac\u00f3 que la provincia destinar\u00e1 &#8220;m\u00e1s tecnolog\u00eda y mejor equipamiento para la\u00a0salud p\u00fablica\u00a0de Mendoza&#8221; y habl\u00f3 de una inversi\u00f3n de $5.000 millones. Lo hizo a trav\u00e9s de la red social X, y tras marcar -d\u00edas atr\u00e1s- que su perspectiva respecto a la salud y la educaci\u00f3n marca un matiz respecto a algunos criterios [&hellip;]<\/p>\n","protected":false},"author":2,"featured_media":12041,"comment_status":"open","ping_status":"open","sticky":false,"template":"","format":"standard","meta":[],"categories":[47],"tags":[],"_links":{"self":[{"href":"https:\/\/pasaenmendoza.com\/index.php?rest_route=\/wp\/v2\/posts\/12040"}],"collection":[{"href":"https:\/\/pasaenmendoza.com\/index.php?rest_route=\/wp\/v2\/posts"}],"about":[{"href":"https:\/\/pasaenmendoza.com\/index.php?rest_route=\/wp\/v2\/types\/post"}],"author":[{"embeddable":true,"href":"https:\/\/pasaenmendoza.com\/index.php?rest_route=\/wp\/v2\/users\/2"}],"replies":[{"embeddable":true,"href":"https:\/\/pasaenmendoza.com\/index.php?rest_route=%2Fwp%2Fv2%2Fcomments&post=12040"}],"version-history":[{"count":1,"href":"https:\/\/pasaenmendoza.com\/index.php?rest_route=\/wp\/v2\/posts\/12040\/revisions"}],"predecessor-version":[{"id":12042,"href":"https:\/\/pasaenmendoza.com\/index.php?rest_route=\/wp\/v2\/posts\/12040\/revisions\/12042"}],"wp:featuredmedia":[{"embeddable":true,"href":"https:\/\/pasaenmendoza.com\/index.php?rest_route=\/wp\/v2\/media\/12041"}],"wp:attachment":[{"href":"https:\/\/pasaenmendoza.com\/index.php?rest_route=%2Fwp%2Fv2%2Fmedia&parent=12040"}],"wp:term":[{"taxonomy":"category","embeddable":true,"href":"https:\/\/pasaenmendoza.com\/index.php?rest_route=%2Fwp%2Fv2%2Fcategories&post=12040"},{"taxonomy":"post_tag","embeddable":true,"href":"https:\/\/pasaenmendoza.com\/index.php?rest_route=%2Fwp%2Fv2%2Ftags&post=12040"}],"curies":[{"name":"wp","href":"https:\/\/api.w.org\/{rel}","templated":true}]}}