{"id":12043,"date":"2025-03-14T23:27:26","date_gmt":"2025-03-14T22:27:26","guid":{"rendered":"https:\/\/pasaenmendoza.com\/?p=12043"},"modified":"2025-03-14T23:27:27","modified_gmt":"2025-03-14T22:27:27","slug":"incertidumbre-y-preocupacion-por-el-cierre-de-dos-oficinas-clave-de-arca-en-mendoza","status":"publish","type":"post","link":"https:\/\/pasaenmendoza.com\/?p=12043","title":{"rendered":"Incertidumbre y preocupaci\u00f3n por el cierre de dos oficinas clave de ARCA en Mendoza"},"content":{"rendered":"\n<p>Hace poco m\u00e1s de una semana, mediante una publicaci\u00f3n en el Bolet\u00edn Oficial, se conoci\u00f3 que la\u00a0Agencia de Regulaci\u00f3n y Control Aduanero\u00a0(<strong>ARCA<\/strong>), ex AFIP, inici\u00f3 un profundo cambio estructural en todo el pa\u00eds que dejar\u00e1 como saldo la eliminaci\u00f3n de cientos de cargos en Direcci\u00f3n General Impositiva (DGI) y el cierre de oficinas en distintas jurisdicciones del territorio nacional. En el caso de Mendoza, esta decisi\u00f3n afectar\u00e1 a dos dependencias claves en la provincia:\u00a0<strong>San Mart\u00edn<\/strong>\u00a0y\u00a0<strong>General Alvear<\/strong>.\u00a0<\/p>\n\n\n\n<p>La novedad se dio a conocer mediante la\u00a0disposici\u00f3n 36\/2025, que est\u00e1 amparada en la Ley de Bases y Puntos de Partida para la Libertad de los Argentinos (N\u00ba 27.742), y en la misma argumentan, entre otras cosas, que en los \u00faltimos a\u00f1os se ha sobredimensionado la estructura organizacional de la DGI.\u00a0<\/p>\n\n\n\n<p>As\u00ed, en los anexos 14 y 15 se explica que en la provincia quedar\u00e1n activas solo dos dependencias, aunque la Direcci\u00f3n Regional Mendoza tendr\u00e1 a cargo tres jurisdicciones: Agencia Sede Mendoza, Agencia San Luis y Distrito San Rafael. De esta manera, la primera de ella tendr\u00e1 a cargo la mayor\u00eda de los departamentos mendocinos: Capital, Las Heras, Lavalle, Maip\u00fa, Godoy Cruz, Guaymall\u00e9n, Luj\u00e1n de Cuyo, Tupungato, Tunuy\u00e1n, San Carlos, Jun\u00edn, La Paz, Rivadavia,&nbsp;<strong>San Mart\u00edn<\/strong>&nbsp;y Santa Rosa. En tanto, la oficina sanrafaelina concentrar\u00e1 la actividad de Malarg\u00fce, San Rafael y la extinta de&nbsp;<strong>Alvear<\/strong>.&nbsp;<\/p>\n\n\n\n<p>Este cambio presenta m\u00faltiples preocupaciones en el territorio mendocino. Por un lado, la incertidumbre laboral que implican ambos cierres para los trabajadores de\u00a0<strong>ARCA<\/strong>\u00a0(aunque no habr\u00e1 despidos por el momento). Por el otro, la afectaci\u00f3n a las econom\u00edas regionales que ahora deber\u00e1n recorrer largas distancias para completar los tr\u00e1mites con el fisco que a\u00fan requieren presencialidad, y tambi\u00e9n para los profesionales de las ciencias econ\u00f3micas.<\/p>\n\n\n\n<h2 class=\"wp-block-heading\">Incertidumbre por los pasos a seguir<\/h2>\n\n\n\n<p>De acuerdo al documento que lleva la firma de Juan Pazo, titular de\u00a0<strong>ARCA<\/strong>, la disposici\u00f3n entrar\u00e1 en vigencia a partir de los 45 d\u00edas corridos, contados desde el d\u00eda de su publicaci\u00f3n en el Bolet\u00edn Oficial que fue el pasado 5 de marzo. Sin embargo, lo que reina en las todav\u00eda oficinas del \u00f3rgano recaudador es la incertidumbre.\u00a0<\/p>\n\n\n\n<p><strong>Fuente: www.mdzol.com<\/strong><\/p>\n","protected":false},"excerpt":{"rendered":"<p>Hace poco m\u00e1s de una semana, mediante una publicaci\u00f3n en el Bolet\u00edn Oficial, se conoci\u00f3 que la\u00a0Agencia de Regulaci\u00f3n y Control Aduanero\u00a0(ARCA), ex AFIP, inici\u00f3 un profundo cambio estructural en todo el pa\u00eds que dejar\u00e1 como saldo la eliminaci\u00f3n de cientos de cargos en Direcci\u00f3n General Impositiva (DGI) y el cierre de oficinas en distintas [&hellip;]<\/p>\n","protected":false},"author":2,"featured_media":12044,"comment_status":"open","ping_status":"open","sticky":false,"template":"","format":"standard","meta":[],"categories":[47],"tags":[],"_links":{"self":[{"href":"https:\/\/pasaenmendoza.com\/index.php?rest_route=\/wp\/v2\/posts\/12043"}],"collection":[{"href":"https:\/\/pasaenmendoza.com\/index.php?rest_route=\/wp\/v2\/posts"}],"about":[{"href":"https:\/\/pasaenmendoza.com\/index.php?rest_route=\/wp\/v2\/types\/post"}],"author":[{"embeddable":true,"href":"https:\/\/pasaenmendoza.com\/index.php?rest_route=\/wp\/v2\/users\/2"}],"replies":[{"embeddable":true,"href":"https:\/\/pasaenmendoza.com\/index.php?rest_route=%2Fwp%2Fv2%2Fcomments&post=12043"}],"version-history":[{"count":1,"href":"https:\/\/pasaenmendoza.com\/index.php?rest_route=\/wp\/v2\/posts\/12043\/revisions"}],"predecessor-version":[{"id":12045,"href":"https:\/\/pasaenmendoza.com\/index.php?rest_route=\/wp\/v2\/posts\/12043\/revisions\/12045"}],"wp:featuredmedia":[{"embeddable":true,"href":"https:\/\/pasaenmendoza.com\/index.php?rest_route=\/wp\/v2\/media\/12044"}],"wp:attachment":[{"href":"https:\/\/pasaenmendoza.com\/index.php?rest_route=%2Fwp%2Fv2%2Fmedia&parent=12043"}],"wp:term":[{"taxonomy":"category","embeddable":true,"href":"https:\/\/pasaenmendoza.com\/index.php?rest_route=%2Fwp%2Fv2%2Fcategories&post=12043"},{"taxonomy":"post_tag","embeddable":true,"href":"https:\/\/pasaenmendoza.com\/index.php?rest_route=%2Fwp%2Fv2%2Ftags&post=12043"}],"curies":[{"name":"wp","href":"https:\/\/api.w.org\/{rel}","templated":true}]}}