{"id":12046,"date":"2025-03-17T13:40:49","date_gmt":"2025-03-17T12:40:49","guid":{"rendered":"https:\/\/pasaenmendoza.com\/?p=12046"},"modified":"2025-03-17T13:40:50","modified_gmt":"2025-03-17T12:40:50","slug":"pronostico-lunes-con-ascenso-de-la-temperatura-en-mendoza","status":"publish","type":"post","link":"https:\/\/pasaenmendoza.com\/?p=12046","title":{"rendered":"Pron\u00f3stico: lunes con ascenso de la temperatura en Mendoza"},"content":{"rendered":"\n<p>El\u00a0<strong>calor<\/strong>\u00a0volver\u00e1 a sentirse esta semana en Mendoza. Seg\u00fan anticipa el\u00a0<strong>pron\u00f3stico<\/strong>, en los pr\u00f3ximos d\u00edas, las\u00a0<strong>temperaturas<\/strong>\u00a0m\u00e1ximas volver\u00e1n a superar la l\u00ednea de los 30 grados.<\/p>\n\n\n\n<p>Este\u00a0<strong>lunes 17<\/strong>, el d\u00eda tendr\u00e1 poca nubosidad y vientos leves del noreste. En alta cordillera estar\u00e1 poco nuboso. Las\u00a0<strong>temperaturas<\/strong>\u00a0marcar\u00e1n un ascenso, con una m\u00ednima de 18 y una m\u00e1xima de 31.<\/p>\n\n\n\n<p>Para el\u00a0<strong>martes 18<\/strong>, la Direcci\u00f3n de Contingencias Clim\u00e1ticas prev\u00e9 un d\u00eda\u00a0<strong>caluroso<\/strong>\u00a0con poca nubosidad y vientos moderados del noreste. En precordillera se esperan tormentas. La m\u00ednima ser\u00e1 de 18 y la m\u00e1xima, de 33.<\/p>\n\n\n\n<p>El\u00a0<strong>mi\u00e9rcoles 19<\/strong>, el tiempo estar\u00e1\u00a0<strong>caluroso<\/strong>\u00a0y algo nublado. Se esperan vientos del sector sur rotando al noreste. La\u00a0<strong>temperatura<\/strong>\u00a0seguir\u00e1 subiendo: con una m\u00ednima de 21, la m\u00e1xima se ubicar\u00e1 en 35.<\/p>\n\n\n\n<p><strong>Fuente: www.mendozapost.com<\/strong><\/p>\n","protected":false},"excerpt":{"rendered":"<p>El\u00a0calor\u00a0volver\u00e1 a sentirse esta semana en Mendoza. Seg\u00fan anticipa el\u00a0pron\u00f3stico, en los pr\u00f3ximos d\u00edas, las\u00a0temperaturas\u00a0m\u00e1ximas volver\u00e1n a superar la l\u00ednea de los 30 grados. Este\u00a0lunes 17, el d\u00eda tendr\u00e1 poca nubosidad y vientos leves del noreste. En alta cordillera estar\u00e1 poco nuboso. Las\u00a0temperaturas\u00a0marcar\u00e1n un ascenso, con una m\u00ednima de 18 y una m\u00e1xima de 31. [&hellip;]<\/p>\n","protected":false},"author":2,"featured_media":12047,"comment_status":"open","ping_status":"open","sticky":false,"template":"","format":"standard","meta":[],"categories":[52],"tags":[],"_links":{"self":[{"href":"https:\/\/pasaenmendoza.com\/index.php?rest_route=\/wp\/v2\/posts\/12046"}],"collection":[{"href":"https:\/\/pasaenmendoza.com\/index.php?rest_route=\/wp\/v2\/posts"}],"about":[{"href":"https:\/\/pasaenmendoza.com\/index.php?rest_route=\/wp\/v2\/types\/post"}],"author":[{"embeddable":true,"href":"https:\/\/pasaenmendoza.com\/index.php?rest_route=\/wp\/v2\/users\/2"}],"replies":[{"embeddable":true,"href":"https:\/\/pasaenmendoza.com\/index.php?rest_route=%2Fwp%2Fv2%2Fcomments&post=12046"}],"version-history":[{"count":1,"href":"https:\/\/pasaenmendoza.com\/index.php?rest_route=\/wp\/v2\/posts\/12046\/revisions"}],"predecessor-version":[{"id":12048,"href":"https:\/\/pasaenmendoza.com\/index.php?rest_route=\/wp\/v2\/posts\/12046\/revisions\/12048"}],"wp:featuredmedia":[{"embeddable":true,"href":"https:\/\/pasaenmendoza.com\/index.php?rest_route=\/wp\/v2\/media\/12047"}],"wp:attachment":[{"href":"https:\/\/pasaenmendoza.com\/index.php?rest_route=%2Fwp%2Fv2%2Fmedia&parent=12046"}],"wp:term":[{"taxonomy":"category","embeddable":true,"href":"https:\/\/pasaenmendoza.com\/index.php?rest_route=%2Fwp%2Fv2%2Fcategories&post=12046"},{"taxonomy":"post_tag","embeddable":true,"href":"https:\/\/pasaenmendoza.com\/index.php?rest_route=%2Fwp%2Fv2%2Ftags&post=12046"}],"curies":[{"name":"wp","href":"https:\/\/api.w.org\/{rel}","templated":true}]}}