{"id":1205,"date":"2023-09-05T15:17:09","date_gmt":"2023-09-05T13:17:09","guid":{"rendered":"https:\/\/pasaenmendoza.com\/?p=1205"},"modified":"2023-09-05T15:17:10","modified_gmt":"2023-09-05T13:17:10","slug":"operaron-a-la-nina-la-que-se-le-cayo-un-contenedor-encima-en-san-martin","status":"publish","type":"post","link":"https:\/\/pasaenmendoza.com\/?p=1205","title":{"rendered":"Operaron a la ni\u00f1a la que se le cay\u00f3 un contenedor encima en San Mart\u00edn"},"content":{"rendered":"\n<p>Una\u00a0<strong>ni\u00f1a<\/strong>\u00a0de 5 a\u00f1os pelea por su vida en el\u00a0<strong>Hospital Notti<\/strong>, un d\u00eda despu\u00e9s de sufrir un grave\u00a0<strong>accidente<\/strong>\u00a0cuando sal\u00eda a sacar la basura: se le cay\u00f3 un\u00a0<strong>contenedor<\/strong>\u00a0encima. El hecho ocurri\u00f3 en\u00a0<strong>San Mart\u00edn<\/strong>\u00a0y, como consecuencia, la v\u00edctima fue trasladada por la tarde al establecimiento de alta complejidad.<\/p>\n\n\n\n<p>El hecho se produjo pasado el mediod\u00eda de este lunes en El Rambl\u00f3n. La mam\u00e1 cont\u00f3 que su hija de 5 a\u00f1os hab\u00eda salido a sacar la basura con una hermana cuando un\u00a0<strong>contenedor<\/strong>\u00a0de basura se desplom\u00f3 sobre su cuerpo.<\/p>\n\n\n\n<p>Cuando lleg\u00f3 la ayuda, lograron sacar a la\u00a0<strong>ni\u00f1a<\/strong>\u00a0de abajo del\u00a0<strong>contenedor<\/strong>. Les preocup\u00f3 que su piel hab\u00eda adquirido un color morado, por lo que la trasladaron al hospital local, el Perrupato.\u00a0<\/p>\n\n\n\n<p>Por la dificultad del cuadro, la llevaron desde el nosocomio de\u00a0<strong>San Mart\u00edn\u00a0<\/strong>al\u00a0<strong>Hospital Notti<\/strong>. En el centro ubicado en Guaymall\u00e9n le diagnosticaron un traumatismo abdominal por aplastamiento.\u00a0<\/p>\n\n\n\n<p>El \u00faltimo parte m\u00e9dico dado a conocer este martes indica que la\u00a0<strong>ni\u00f1a<\/strong>\u00a0fue operada en las \u00faltimas horas y est\u00e1 internada en terapia intensiva con pron\u00f3stico reservado. Los profesionales aguardan su evoluci\u00f3n.<\/p>\n\n\n\n<p><strong>Fuente: www.mendozapost.com.ar<\/strong><\/p>\n\n\n\n<p><\/p>\n","protected":false},"excerpt":{"rendered":"<p>Una\u00a0ni\u00f1a\u00a0de 5 a\u00f1os pelea por su vida en el\u00a0Hospital Notti, un d\u00eda despu\u00e9s de sufrir un grave\u00a0accidente\u00a0cuando sal\u00eda a sacar la basura: se le cay\u00f3 un\u00a0contenedor\u00a0encima. El hecho ocurri\u00f3 en\u00a0San Mart\u00edn\u00a0y, como consecuencia, la v\u00edctima fue trasladada por la tarde al establecimiento de alta complejidad. El hecho se produjo pasado el mediod\u00eda de este lunes [&hellip;]<\/p>\n","protected":false},"author":2,"featured_media":1208,"comment_status":"open","ping_status":"open","sticky":false,"template":"","format":"standard","meta":[],"categories":[48],"tags":[],"_links":{"self":[{"href":"https:\/\/pasaenmendoza.com\/index.php?rest_route=\/wp\/v2\/posts\/1205"}],"collection":[{"href":"https:\/\/pasaenmendoza.com\/index.php?rest_route=\/wp\/v2\/posts"}],"about":[{"href":"https:\/\/pasaenmendoza.com\/index.php?rest_route=\/wp\/v2\/types\/post"}],"author":[{"embeddable":true,"href":"https:\/\/pasaenmendoza.com\/index.php?rest_route=\/wp\/v2\/users\/2"}],"replies":[{"embeddable":true,"href":"https:\/\/pasaenmendoza.com\/index.php?rest_route=%2Fwp%2Fv2%2Fcomments&post=1205"}],"version-history":[{"count":1,"href":"https:\/\/pasaenmendoza.com\/index.php?rest_route=\/wp\/v2\/posts\/1205\/revisions"}],"predecessor-version":[{"id":1209,"href":"https:\/\/pasaenmendoza.com\/index.php?rest_route=\/wp\/v2\/posts\/1205\/revisions\/1209"}],"wp:featuredmedia":[{"embeddable":true,"href":"https:\/\/pasaenmendoza.com\/index.php?rest_route=\/wp\/v2\/media\/1208"}],"wp:attachment":[{"href":"https:\/\/pasaenmendoza.com\/index.php?rest_route=%2Fwp%2Fv2%2Fmedia&parent=1205"}],"wp:term":[{"taxonomy":"category","embeddable":true,"href":"https:\/\/pasaenmendoza.com\/index.php?rest_route=%2Fwp%2Fv2%2Fcategories&post=1205"},{"taxonomy":"post_tag","embeddable":true,"href":"https:\/\/pasaenmendoza.com\/index.php?rest_route=%2Fwp%2Fv2%2Ftags&post=1205"}],"curies":[{"name":"wp","href":"https:\/\/api.w.org\/{rel}","templated":true}]}}