{"id":12052,"date":"2025-03-17T13:59:41","date_gmt":"2025-03-17T12:59:41","guid":{"rendered":"https:\/\/pasaenmendoza.com\/?p=12052"},"modified":"2025-03-17T13:59:42","modified_gmt":"2025-03-17T12:59:42","slug":"guaymallen-expropiara-un-terreno-para-ensanchar-la-calle-avellaneda","status":"publish","type":"post","link":"https:\/\/pasaenmendoza.com\/?p=12052","title":{"rendered":"Guaymall\u00e9n expropiar\u00e1 un terreno para ensanchar la calle Avellaneda"},"content":{"rendered":"\n<p>El Gobierno de Mendoza promulg\u00f3 este lunes una ley que declara de utilidad p\u00fablica y sujeta a expropiaci\u00f3n una superficie de terreno que ser\u00e1 afectada al ensanche de\u00a0<strong>calle Nicol\u00e1s Avellaneda<\/strong>, en\u00a0<strong>Guaymall\u00e9n<\/strong>. La iniciativa hab\u00eda sido aprobada en febrero en la Legislatura y forma parte del plan de obras que lleva adelante el municipio en esa calle.<\/p>\n\n\n\n<p>La parcela en cuesti\u00f3n abarca desde el canal Lagunita hasta calle Mathus Hoyos, del distrito el Bermejo, y ocupa un total de 225,41 metros cuadrados.<\/p>\n\n\n\n<p>De esta forma,\u00a0<strong>Guaymall\u00e9n<\/strong>\u00a0podr\u00e1 expropiar el terreno para poder avanzar con los trabajos, que buscan ensanchar la calle Avellaneda para mejorar la circulaci\u00f3n vehicular y la seguridad de los peatones que frecuentan la zona.<\/p>\n\n\n\n<p>La necesidad de la obra estaba explicitada en el Plan Municipal de Ordenamiento Territorial que elabor\u00f3 Guaymall\u00e9n.<\/p>\n\n\n\n<p><strong>Fuente: www.mendozapost.com<\/strong><\/p>\n","protected":false},"excerpt":{"rendered":"<p>El Gobierno de Mendoza promulg\u00f3 este lunes una ley que declara de utilidad p\u00fablica y sujeta a expropiaci\u00f3n una superficie de terreno que ser\u00e1 afectada al ensanche de\u00a0calle Nicol\u00e1s Avellaneda, en\u00a0Guaymall\u00e9n. La iniciativa hab\u00eda sido aprobada en febrero en la Legislatura y forma parte del plan de obras que lleva adelante el municipio en esa [&hellip;]<\/p>\n","protected":false},"author":2,"featured_media":12053,"comment_status":"open","ping_status":"open","sticky":false,"template":"","format":"standard","meta":[],"categories":[50],"tags":[],"_links":{"self":[{"href":"https:\/\/pasaenmendoza.com\/index.php?rest_route=\/wp\/v2\/posts\/12052"}],"collection":[{"href":"https:\/\/pasaenmendoza.com\/index.php?rest_route=\/wp\/v2\/posts"}],"about":[{"href":"https:\/\/pasaenmendoza.com\/index.php?rest_route=\/wp\/v2\/types\/post"}],"author":[{"embeddable":true,"href":"https:\/\/pasaenmendoza.com\/index.php?rest_route=\/wp\/v2\/users\/2"}],"replies":[{"embeddable":true,"href":"https:\/\/pasaenmendoza.com\/index.php?rest_route=%2Fwp%2Fv2%2Fcomments&post=12052"}],"version-history":[{"count":1,"href":"https:\/\/pasaenmendoza.com\/index.php?rest_route=\/wp\/v2\/posts\/12052\/revisions"}],"predecessor-version":[{"id":12054,"href":"https:\/\/pasaenmendoza.com\/index.php?rest_route=\/wp\/v2\/posts\/12052\/revisions\/12054"}],"wp:featuredmedia":[{"embeddable":true,"href":"https:\/\/pasaenmendoza.com\/index.php?rest_route=\/wp\/v2\/media\/12053"}],"wp:attachment":[{"href":"https:\/\/pasaenmendoza.com\/index.php?rest_route=%2Fwp%2Fv2%2Fmedia&parent=12052"}],"wp:term":[{"taxonomy":"category","embeddable":true,"href":"https:\/\/pasaenmendoza.com\/index.php?rest_route=%2Fwp%2Fv2%2Fcategories&post=12052"},{"taxonomy":"post_tag","embeddable":true,"href":"https:\/\/pasaenmendoza.com\/index.php?rest_route=%2Fwp%2Fv2%2Ftags&post=12052"}],"curies":[{"name":"wp","href":"https:\/\/api.w.org\/{rel}","templated":true}]}}