{"id":12055,"date":"2025-03-17T22:21:13","date_gmt":"2025-03-17T21:21:13","guid":{"rendered":"https:\/\/pasaenmendoza.com\/?p=12055"},"modified":"2025-03-17T22:21:14","modified_gmt":"2025-03-17T21:21:14","slug":"en-tiempo-record-la-reina-nacional-de-la-vendimia-ya-recibio-su-0km","status":"publish","type":"post","link":"https:\/\/pasaenmendoza.com\/?p=12055","title":{"rendered":"En tiempo r\u00e9cord, la Reina Nacional de la Vendimia ya recibi\u00f3 su 0km"},"content":{"rendered":"\n<p>A una semana de haberse consagrado como la&nbsp;<strong>Reina Nacional de la Vendimia<\/strong>,&nbsp;<strong>Alejandrina Funes Napoletano<\/strong>&nbsp;fue agasajada con un 0km.&nbsp;<strong>Se trata de un Chevrolet Onix de color blanco.&nbsp;<\/strong>El veh\u00edculo, tal como ocurri\u00f3 el a\u00f1o pasado, fue otorgado por&nbsp;<strong>Telekino<\/strong>, a trav\u00e9s del Instituto de Juegos y Casinos del Gobierno de Mendoza.&nbsp;<\/p>\n\n\n\n<p>Si bien no trascendieron detalles de qu\u00e9 auto se trata, s\u00ed se sabe que&nbsp;<strong>es el modelo b\u00e1sico, con las prestaciones est\u00e1ndar.<\/strong><\/p>\n\n\n\n<p>En la oportunidad, la joven recibi\u00f3 el regalo en manos del subsecretario de Cultura, Diego Gareca, la presidenta de Juegos y Casinos de Mendoza, Ida L\u00f3pez, y representantes de Telekino y Yacopini.<\/p>\n\n\n\n<p>\u201cQuiero agradecerles a la Subsecretar\u00eda de Cultura, Yacopini, el Casino de Mendoza y Telekino. La verdad que es un regalo muy lindo, es un auto muy hermoso, y la entrega fue rapid\u00edsima. Espero usarlo para hacer viajes y compartir con mis seres queridos, mi familia y mis amigos\u201d, dijo Alejandrina.<\/p>\n\n\n\n<p>Por su parte, Gareca remarc\u00f3: \u201cAlejandrina (Funes) est\u00e1 recibiendo su auto cero kil\u00f3metro, que es producto de los acuerdos que establece el Gobierno de la Provincia con los auspiciantes, por lo que le agradecemos a Telekino. Siempre los auspiciantes, el sector privado, est\u00e1n acompa\u00f1ando la iniciativa p\u00fablica, en este caso en el marco de la Fiesta Nacional de la Vendimia\u201d.<\/p>\n\n\n\n<h2 class=\"wp-block-heading\" id=\"h-calida-bienvenida-en-las-heras\">C\u00e1lida bienvenida en Las Heras<\/h2>\n\n\n\n<p>El regalo lleg\u00f3 d\u00edas despu\u00e9s de haberse reencontrado con familiares, amigos y vecinos. Miles de personas se apostaron en diferentes barrios de Las Heras para recibir a la flamante soberana que no lo hizo sola, sino que estuvo acompa\u00f1ada por la presencia de su Virreina, Sof\u00eda Perfumo.<\/p>\n\n\n\n<p>Entre ambas saludaron a la gente y con una sonrisa permanente recibieron los elogios de los vecinos.<\/p>\n\n\n\n<p><strong>\u201cQuiero agradecerle de todo coraz\u00f3n a la gente que me acompa\u00f1\u00f3. Es mucha la felicidad de la gente por la vuelta de la corona a casa\u201d, dijo Alejandrina Funes.<\/strong>&nbsp;Tambi\u00e9n le agradeci\u00f3 a sus compa\u00f1eras de la corte y a Sof\u00eda Perfumo, la virreina nacional, que tambi\u00e9n se mostr\u00f3 emocionada por el recibimiento. \u201cEs un honor acompa\u00f1ar a mi amiga y compa\u00f1era\u201d, dijo.<\/p>\n\n\n\n<h2 class=\"wp-block-heading\" id=\"h-regreso-esperado\">Regreso esperado<\/h2>\n\n\n\n<p>Por su parte,&nbsp;<strong>Sof\u00eda Perfumo<\/strong>, quien se transform\u00f3 en la Virreina Nacional, tendr\u00e1 la oportunidad de reencontrarse con los suyos este&nbsp;<strong>lunes 17 de marzo, cerca de las 21.<\/strong><\/p>\n\n\n\n<p>Tal como Alejandrina, el municipio tiene pensado agasajarla con una hermosa y emotiva bienvenida que incluir\u00e1 no s\u00f3lo la presencia del intendente, Alejandro Molero, sino que tambi\u00e9n se sumar\u00e1 la presencia de los vecinos que la honrar\u00e1n durante el recorrido por las calles principales del departamento.<\/p>\n\n\n\n<p>Un dato que no es menor es que Sof\u00eda regresar\u00e1 a su departamento acompa\u00f1ada por su compa\u00f1era de f\u00f3rmula, Alejandrina Funes, con quien compartir\u00e1 un momento agradable en el departamento sure\u00f1o.<\/p>\n\n\n\n<p><strong>Fuente: www.elsol.com.ar<\/strong><\/p>\n\n\n\n<p><a href=\"https:\/\/www.elsol.com.ar\/espectaculos\/gran-hermano-ulises-eligio-la-llave-correcta-y-gano-el-auto-0km\/?relatedposts_hit=1&amp;relatedposts_origin=2077659&amp;relatedposts_position=0&amp;relatedposts_hit=1&amp;relatedposts_origin=2077659&amp;relatedposts_position=0&amp;relatedposts_hit=1&amp;relatedposts_origin=2077659&amp;relatedposts_position=0&amp;relatedposts_hit=1&amp;relatedposts_origin=2077659&amp;relatedposts_position=0&amp;relatedposts_hit=1&amp;relatedposts_origin=2077659&amp;relatedposts_position=0\"><\/a><\/p>\n","protected":false},"excerpt":{"rendered":"<p>A una semana de haberse consagrado como la&nbsp;Reina Nacional de la Vendimia,&nbsp;Alejandrina Funes Napoletano&nbsp;fue agasajada con un 0km.&nbsp;Se trata de un Chevrolet Onix de color blanco.&nbsp;El veh\u00edculo, tal como ocurri\u00f3 el a\u00f1o pasado, fue otorgado por&nbsp;Telekino, a trav\u00e9s del Instituto de Juegos y Casinos del Gobierno de Mendoza.&nbsp; Si bien no trascendieron detalles de qu\u00e9 [&hellip;]<\/p>\n","protected":false},"author":2,"featured_media":12056,"comment_status":"open","ping_status":"open","sticky":false,"template":"","format":"standard","meta":[],"categories":[50],"tags":[],"_links":{"self":[{"href":"https:\/\/pasaenmendoza.com\/index.php?rest_route=\/wp\/v2\/posts\/12055"}],"collection":[{"href":"https:\/\/pasaenmendoza.com\/index.php?rest_route=\/wp\/v2\/posts"}],"about":[{"href":"https:\/\/pasaenmendoza.com\/index.php?rest_route=\/wp\/v2\/types\/post"}],"author":[{"embeddable":true,"href":"https:\/\/pasaenmendoza.com\/index.php?rest_route=\/wp\/v2\/users\/2"}],"replies":[{"embeddable":true,"href":"https:\/\/pasaenmendoza.com\/index.php?rest_route=%2Fwp%2Fv2%2Fcomments&post=12055"}],"version-history":[{"count":1,"href":"https:\/\/pasaenmendoza.com\/index.php?rest_route=\/wp\/v2\/posts\/12055\/revisions"}],"predecessor-version":[{"id":12057,"href":"https:\/\/pasaenmendoza.com\/index.php?rest_route=\/wp\/v2\/posts\/12055\/revisions\/12057"}],"wp:featuredmedia":[{"embeddable":true,"href":"https:\/\/pasaenmendoza.com\/index.php?rest_route=\/wp\/v2\/media\/12056"}],"wp:attachment":[{"href":"https:\/\/pasaenmendoza.com\/index.php?rest_route=%2Fwp%2Fv2%2Fmedia&parent=12055"}],"wp:term":[{"taxonomy":"category","embeddable":true,"href":"https:\/\/pasaenmendoza.com\/index.php?rest_route=%2Fwp%2Fv2%2Fcategories&post=12055"},{"taxonomy":"post_tag","embeddable":true,"href":"https:\/\/pasaenmendoza.com\/index.php?rest_route=%2Fwp%2Fv2%2Ftags&post=12055"}],"curies":[{"name":"wp","href":"https:\/\/api.w.org\/{rel}","templated":true}]}}