{"id":12058,"date":"2025-03-17T22:27:46","date_gmt":"2025-03-17T21:27:46","guid":{"rendered":"https:\/\/pasaenmendoza.com\/?p=12058"},"modified":"2025-03-17T22:27:47","modified_gmt":"2025-03-17T21:27:47","slug":"incentivo-docente-cuales-son-los-requisitos-para-acceder-al-beneficio-salarial","status":"publish","type":"post","link":"https:\/\/pasaenmendoza.com\/?p=12058","title":{"rendered":"Incentivo docente: cu\u00e1les son los requisitos para acceder al beneficio salarial"},"content":{"rendered":"\n<p>Luego de que el Gobierno reglamentara el R\u00e9gimen de Incentivo Docente, la Direcci\u00f3n General de Escuelas (DGE) dio a conocer las condiciones para que los maestros puedan acceder al adicional salarial remunerativo<strong>&nbsp;\u201cDedicaci\u00f3n Docente\u201d<\/strong>, destinado a quienes&nbsp;<strong>hayan trabajado en el mismo establecimiento educativo durante al menos dos a\u00f1os consecutivos.<\/strong><\/p>\n\n\n\n<p>Se trata de un<strong>\u00a0beneficio escalonado<\/strong>, que aumenta con la permanencia del agente, alcanzando hasta un 60% de la asignaci\u00f3n de clase para aquellos con antig\u00fcedad de 10 a\u00f1os o m\u00e1s.<\/p>\n\n\n\n<p>El&nbsp;<strong>pago de este incentivo se realizar\u00e1 semestralmente<\/strong>, con un control riguroso sobre las inasistencias de los docentes, ya que este adicional salarial est\u00e1 vinculado a la prestaci\u00f3n efectiva del servicio educativo.<\/p>\n\n\n\n<h2 class=\"wp-block-heading\" id=\"h-quienes-podran-acceder\">Qui\u00e9nes podr\u00e1n acceder<\/h2>\n\n\n\n<p>A trav\u00e9s de la Resoluci\u00f3n 866, publicada este lunes en el Bolet\u00edn Oficial, se reglament\u00f3 la aplicaci\u00f3n del incentivo \u201cDedicaci\u00f3n\u201d en el Nivel Superior.<\/p>\n\n\n\n<h3 class=\"wp-block-heading\" id=\"h-condiciones-generales\">Condiciones generales<\/h3>\n\n\n\n<ul>\n<li>Estar&nbsp;<strong>activo en el sistema educativo<\/strong>&nbsp;con un m\u00ednimo de dieciocho (18) horas y\/o un cargo docente frente a alumnos durante los seis meses inmediatos anteriores a la liquidaci\u00f3n del incentivo, como titular o suplente en cargo u horas vacantes, en instituciones de gesti\u00f3n estatal o privada conforme figure en el Sistema GEI y la declaraci\u00f3n jurada del docente.<\/li>\n\n\n\n<li>Registrar una&nbsp;<strong>permanencia m\u00ednima de dos a\u00f1os<\/strong>&nbsp;en las horas y\/o cargo docente frente a alumnos.<\/li>\n\n\n\n<li>No encontrarse cumpliendo&nbsp;<strong>sanciones disciplinarias<\/strong>.<\/li>\n<\/ul>\n\n\n\n<h3 class=\"wp-block-heading\" id=\"h-condiciones-particulares\">Condiciones particulares<\/h3>\n\n\n\n<p>Para acceder al incentivo, adem\u00e1s de cumplir con las condiciones generales el docente tambi\u00e9n deber\u00e1 acreditar alguna de las siguientes condiciones en los seis meses inmediatos anteriores:<\/p>\n\n\n\n<ul>\n<li>Estar&nbsp;<strong>participando en las acciones definidas en el Proyecto Institucional<\/strong>&nbsp;que se presentar\u00e1 anualmente ante la Direcci\u00f3n de Educaci\u00f3n Superior al inicio del a\u00f1o acad\u00e9mico. Las acciones desarrolladas dentro del proyecto deben tener metas claras y con impacto medible.<\/li>\n\n\n\n<li>Estar desarrollando\u00a0<strong>proyectos de acompa\u00f1amiento a las trayectorias estudiantiles\u00a0<\/strong>para mejorar la calidad de los aprendizajes, evitar el desgranamiento y favorecer el egreso en los tiempos previstos por los dise\u00f1os curriculares y el R\u00e9gimen Acad\u00e9mico Marco. Las acciones desarrolladas dentro del proyecto deben tener metas claras con impacto medible y estar relacionadas, adem\u00e1s, con los operativos de evaluaci\u00f3n de calidad del aprendizaje que se implementan o pudieran implementarse en el Nivel Superior.<\/li>\n<\/ul>\n\n\n\n<p><strong>Fuente: www.elsol.com.ar<\/strong><\/p>\n","protected":false},"excerpt":{"rendered":"<p>Luego de que el Gobierno reglamentara el R\u00e9gimen de Incentivo Docente, la Direcci\u00f3n General de Escuelas (DGE) dio a conocer las condiciones para que los maestros puedan acceder al adicional salarial remunerativo&nbsp;\u201cDedicaci\u00f3n Docente\u201d, destinado a quienes&nbsp;hayan trabajado en el mismo establecimiento educativo durante al menos dos a\u00f1os consecutivos. Se trata de un\u00a0beneficio escalonado, que aumenta [&hellip;]<\/p>\n","protected":false},"author":2,"featured_media":12059,"comment_status":"open","ping_status":"open","sticky":false,"template":"","format":"standard","meta":[],"categories":[56],"tags":[],"_links":{"self":[{"href":"https:\/\/pasaenmendoza.com\/index.php?rest_route=\/wp\/v2\/posts\/12058"}],"collection":[{"href":"https:\/\/pasaenmendoza.com\/index.php?rest_route=\/wp\/v2\/posts"}],"about":[{"href":"https:\/\/pasaenmendoza.com\/index.php?rest_route=\/wp\/v2\/types\/post"}],"author":[{"embeddable":true,"href":"https:\/\/pasaenmendoza.com\/index.php?rest_route=\/wp\/v2\/users\/2"}],"replies":[{"embeddable":true,"href":"https:\/\/pasaenmendoza.com\/index.php?rest_route=%2Fwp%2Fv2%2Fcomments&post=12058"}],"version-history":[{"count":1,"href":"https:\/\/pasaenmendoza.com\/index.php?rest_route=\/wp\/v2\/posts\/12058\/revisions"}],"predecessor-version":[{"id":12060,"href":"https:\/\/pasaenmendoza.com\/index.php?rest_route=\/wp\/v2\/posts\/12058\/revisions\/12060"}],"wp:featuredmedia":[{"embeddable":true,"href":"https:\/\/pasaenmendoza.com\/index.php?rest_route=\/wp\/v2\/media\/12059"}],"wp:attachment":[{"href":"https:\/\/pasaenmendoza.com\/index.php?rest_route=%2Fwp%2Fv2%2Fmedia&parent=12058"}],"wp:term":[{"taxonomy":"category","embeddable":true,"href":"https:\/\/pasaenmendoza.com\/index.php?rest_route=%2Fwp%2Fv2%2Fcategories&post=12058"},{"taxonomy":"post_tag","embeddable":true,"href":"https:\/\/pasaenmendoza.com\/index.php?rest_route=%2Fwp%2Fv2%2Ftags&post=12058"}],"curies":[{"name":"wp","href":"https:\/\/api.w.org\/{rel}","templated":true}]}}