{"id":12064,"date":"2025-03-17T22:45:56","date_gmt":"2025-03-17T21:45:56","guid":{"rendered":"https:\/\/pasaenmendoza.com\/?p=12064"},"modified":"2025-03-17T22:45:56","modified_gmt":"2025-03-17T21:45:56","slug":"ulpiano-suarez-se-presenta-como-querellante-frente-a-la-usurpacion-y-venta-ilegal-de-terrenos","status":"publish","type":"post","link":"https:\/\/pasaenmendoza.com\/?p=12064","title":{"rendered":"Ulpiano Suarez se presenta como querellante frente a la usurpaci\u00f3n y venta ilegal de terrenos"},"content":{"rendered":"\n<p>La\u00a0<strong>Municipalidad de la Ciudad de Mendoza<\/strong>\u00a0se present\u00f3 como querellante ante un caso de usurpaci\u00f3n y venta ilegal de terrenos, ubicados en las inmediaciones del\u00a0<strong>Cerro de la Gloria<\/strong>. La investigaci\u00f3n sobre los hechos, que comenz\u00f3 en 2020, tiene una presentaci\u00f3n formal en la Justicia (autos N\u00ba P \u2013 28148\/25) por parte de la comuna y ha ido siguiendo su curso legal.<\/p>\n\n\n\n<p>Las actuaciones se iniciaron, precisamente, por una denuncia formulada por personal del Municipio ante una serie de posibles il\u00edcitos, ya que se detect\u00f3 que \u201c<em>personas desconocidas<\/em>&nbsp;se encontraban realizando preparativos para ocupar un terreno perteneciente al erario p\u00fablico, colocando palos y realizando diferentes tareas destinadas indudablemente a la usurpaci\u00f3n de los mismos\u201d.<\/p>\n\n\n\n<p>En ese contexto, se present\u00f3 el personal policial pertinente y las personas aseguraron haber comprado dichos terrenos. Tal cual consta en la actuaci\u00f3n legal presentada por la comuna que dirige&nbsp;<strong>Ulpiano Suarez<\/strong>, esa supuesta venta \u201cresulta un acto carente de todo respaldo legal e&nbsp;<em>inoponible<\/em>\u201d. Asimismo, se detalla que quien estaba a cargo de las obras y manifestaba ser el propietario y autor de la ocupaci\u00f3n, es una persona llamada&nbsp;<strong>Julio Cortez<\/strong>.<\/p>\n\n\n\n<p>As\u00ed, al considerarse que se trataba de un delito descubierto en flagrancia y de un acto ilegal e ileg\u00edtimo, se solicit\u00f3 al\u00a0<strong>Ministerio P\u00fablico Fiscal\u00a0(MPF)<\/strong>\u00a0que ordenara el inmediato cese de los efectos de tales delitos que acarrean un serio perjuicio econ\u00f3mico y repercuten severamente en las condiciones de vida de los vecinos de zonas especialmente carenciadas.<\/p>\n\n\n\n<p><strong>Fuente: www.losandes.com.ar<\/strong><\/p>\n","protected":false},"excerpt":{"rendered":"<p>La\u00a0Municipalidad de la Ciudad de Mendoza\u00a0se present\u00f3 como querellante ante un caso de usurpaci\u00f3n y venta ilegal de terrenos, ubicados en las inmediaciones del\u00a0Cerro de la Gloria. La investigaci\u00f3n sobre los hechos, que comenz\u00f3 en 2020, tiene una presentaci\u00f3n formal en la Justicia (autos N\u00ba P \u2013 28148\/25) por parte de la comuna y ha [&hellip;]<\/p>\n","protected":false},"author":2,"featured_media":12065,"comment_status":"open","ping_status":"open","sticky":false,"template":"","format":"standard","meta":[],"categories":[47],"tags":[],"_links":{"self":[{"href":"https:\/\/pasaenmendoza.com\/index.php?rest_route=\/wp\/v2\/posts\/12064"}],"collection":[{"href":"https:\/\/pasaenmendoza.com\/index.php?rest_route=\/wp\/v2\/posts"}],"about":[{"href":"https:\/\/pasaenmendoza.com\/index.php?rest_route=\/wp\/v2\/types\/post"}],"author":[{"embeddable":true,"href":"https:\/\/pasaenmendoza.com\/index.php?rest_route=\/wp\/v2\/users\/2"}],"replies":[{"embeddable":true,"href":"https:\/\/pasaenmendoza.com\/index.php?rest_route=%2Fwp%2Fv2%2Fcomments&post=12064"}],"version-history":[{"count":1,"href":"https:\/\/pasaenmendoza.com\/index.php?rest_route=\/wp\/v2\/posts\/12064\/revisions"}],"predecessor-version":[{"id":12066,"href":"https:\/\/pasaenmendoza.com\/index.php?rest_route=\/wp\/v2\/posts\/12064\/revisions\/12066"}],"wp:featuredmedia":[{"embeddable":true,"href":"https:\/\/pasaenmendoza.com\/index.php?rest_route=\/wp\/v2\/media\/12065"}],"wp:attachment":[{"href":"https:\/\/pasaenmendoza.com\/index.php?rest_route=%2Fwp%2Fv2%2Fmedia&parent=12064"}],"wp:term":[{"taxonomy":"category","embeddable":true,"href":"https:\/\/pasaenmendoza.com\/index.php?rest_route=%2Fwp%2Fv2%2Fcategories&post=12064"},{"taxonomy":"post_tag","embeddable":true,"href":"https:\/\/pasaenmendoza.com\/index.php?rest_route=%2Fwp%2Fv2%2Ftags&post=12064"}],"curies":[{"name":"wp","href":"https:\/\/api.w.org\/{rel}","templated":true}]}}