{"id":12067,"date":"2025-03-18T12:50:33","date_gmt":"2025-03-18T11:50:33","guid":{"rendered":"https:\/\/pasaenmendoza.com\/?p=12067"},"modified":"2025-03-18T12:50:34","modified_gmt":"2025-03-18T11:50:34","slug":"martes-caluroso-y-pesado-en-mendoza","status":"publish","type":"post","link":"https:\/\/pasaenmendoza.com\/?p=12067","title":{"rendered":"Martes caluroso y pesado en Mendoza"},"content":{"rendered":"\n<p><strong>Este martes<\/strong>, los mendocinos tendremos un d\u00eda caluroso y h\u00famedo pero sin previsi\u00f3n de precipitaciones.\u00a0<\/p>\n\n\n\n<p>Seg\u00fan el\u00a0Servicio Meteorol\u00f3gico Nacional, la m\u00e1xima esperada para hoy es de<strong>\u00a031\u00b0.\u00a0<\/strong>Por la ma\u00f1ana sigue el viento del noreste y, por la noche, habr\u00e1 brisa del suroeste.\u00a0<\/p>\n\n\n\n<p><strong>La humedad es del 70%&nbsp;<\/strong>y el calor se quedar\u00e1 unos d\u00edas m\u00e1s. Reci\u00e9n el domingo baja marcadamente la temperatura y el oto\u00f1o comenzar\u00e1 a tiempo.&nbsp;<\/p>\n\n\n\n<p>Para ma\u00f1ana mi\u00e9rcoles, se esperan 29\u00b0 de m\u00e1xima y cielo algo nublado.\u00a0<\/p>\n\n\n\n<p><strong>Fuente: www.mendozapost.com<\/strong><\/p>\n","protected":false},"excerpt":{"rendered":"<p>Este martes, los mendocinos tendremos un d\u00eda caluroso y h\u00famedo pero sin previsi\u00f3n de precipitaciones.\u00a0 Seg\u00fan el\u00a0Servicio Meteorol\u00f3gico Nacional, la m\u00e1xima esperada para hoy es de\u00a031\u00b0.\u00a0Por la ma\u00f1ana sigue el viento del noreste y, por la noche, habr\u00e1 brisa del suroeste.\u00a0 La humedad es del 70%&nbsp;y el calor se quedar\u00e1 unos d\u00edas m\u00e1s. Reci\u00e9n el [&hellip;]<\/p>\n","protected":false},"author":2,"featured_media":12068,"comment_status":"open","ping_status":"open","sticky":false,"template":"","format":"standard","meta":[],"categories":[52],"tags":[],"_links":{"self":[{"href":"https:\/\/pasaenmendoza.com\/index.php?rest_route=\/wp\/v2\/posts\/12067"}],"collection":[{"href":"https:\/\/pasaenmendoza.com\/index.php?rest_route=\/wp\/v2\/posts"}],"about":[{"href":"https:\/\/pasaenmendoza.com\/index.php?rest_route=\/wp\/v2\/types\/post"}],"author":[{"embeddable":true,"href":"https:\/\/pasaenmendoza.com\/index.php?rest_route=\/wp\/v2\/users\/2"}],"replies":[{"embeddable":true,"href":"https:\/\/pasaenmendoza.com\/index.php?rest_route=%2Fwp%2Fv2%2Fcomments&post=12067"}],"version-history":[{"count":1,"href":"https:\/\/pasaenmendoza.com\/index.php?rest_route=\/wp\/v2\/posts\/12067\/revisions"}],"predecessor-version":[{"id":12069,"href":"https:\/\/pasaenmendoza.com\/index.php?rest_route=\/wp\/v2\/posts\/12067\/revisions\/12069"}],"wp:featuredmedia":[{"embeddable":true,"href":"https:\/\/pasaenmendoza.com\/index.php?rest_route=\/wp\/v2\/media\/12068"}],"wp:attachment":[{"href":"https:\/\/pasaenmendoza.com\/index.php?rest_route=%2Fwp%2Fv2%2Fmedia&parent=12067"}],"wp:term":[{"taxonomy":"category","embeddable":true,"href":"https:\/\/pasaenmendoza.com\/index.php?rest_route=%2Fwp%2Fv2%2Fcategories&post=12067"},{"taxonomy":"post_tag","embeddable":true,"href":"https:\/\/pasaenmendoza.com\/index.php?rest_route=%2Fwp%2Fv2%2Ftags&post=12067"}],"curies":[{"name":"wp","href":"https:\/\/api.w.org\/{rel}","templated":true}]}}