{"id":12070,"date":"2025-03-18T13:00:35","date_gmt":"2025-03-18T12:00:35","guid":{"rendered":"https:\/\/pasaenmendoza.com\/?p=12070"},"modified":"2025-03-18T13:00:36","modified_gmt":"2025-03-18T12:00:36","slug":"camara-testigo-brutal-choque-con-vuelco-incluido-en-guaymallen","status":"publish","type":"post","link":"https:\/\/pasaenmendoza.com\/?p=12070","title":{"rendered":"C\u00e1mara testigo: brutal choque con vuelco incluido en Guaymall\u00e9n"},"content":{"rendered":"\n<p>En los \u00faltimos minutos de la jornada del lunes, un aparatoso accidente tuvo lugar en el departamento de Guaymall\u00e9n.<\/p>\n\n\n\n<p>Producto del choque, uno de los veh\u00edculos (un Palio gris) termin\u00f3 dado vuelta sobre la vereda. Mientras que el otro auto protagonista (Ford Ka) del siniestro qued\u00f3 con notables roturas.<\/p>\n\n\n\n<p>El hecho se dio en la transitada calle\u00a0<strong>Bandera de Los Andes y Victoria<\/strong>, del departamento de Guaymall\u00e9n. Hubo heridos leves.<\/p>\n\n\n\n<p>Por el accidente, los bomberos voluntarios de ese departamento tuvieron que intervenir y trabajar en el caso para brindar el auxilio a uno de los conductores.<\/p>\n\n\n\n<p><strong>Fuente: www.elsol.com.ar<\/strong><\/p>\n","protected":false},"excerpt":{"rendered":"<p>En los \u00faltimos minutos de la jornada del lunes, un aparatoso accidente tuvo lugar en el departamento de Guaymall\u00e9n. Producto del choque, uno de los veh\u00edculos (un Palio gris) termin\u00f3 dado vuelta sobre la vereda. Mientras que el otro auto protagonista (Ford Ka) del siniestro qued\u00f3 con notables roturas. El hecho se dio en la [&hellip;]<\/p>\n","protected":false},"author":2,"featured_media":12071,"comment_status":"open","ping_status":"open","sticky":false,"template":"","format":"standard","meta":[],"categories":[48],"tags":[],"_links":{"self":[{"href":"https:\/\/pasaenmendoza.com\/index.php?rest_route=\/wp\/v2\/posts\/12070"}],"collection":[{"href":"https:\/\/pasaenmendoza.com\/index.php?rest_route=\/wp\/v2\/posts"}],"about":[{"href":"https:\/\/pasaenmendoza.com\/index.php?rest_route=\/wp\/v2\/types\/post"}],"author":[{"embeddable":true,"href":"https:\/\/pasaenmendoza.com\/index.php?rest_route=\/wp\/v2\/users\/2"}],"replies":[{"embeddable":true,"href":"https:\/\/pasaenmendoza.com\/index.php?rest_route=%2Fwp%2Fv2%2Fcomments&post=12070"}],"version-history":[{"count":1,"href":"https:\/\/pasaenmendoza.com\/index.php?rest_route=\/wp\/v2\/posts\/12070\/revisions"}],"predecessor-version":[{"id":12072,"href":"https:\/\/pasaenmendoza.com\/index.php?rest_route=\/wp\/v2\/posts\/12070\/revisions\/12072"}],"wp:featuredmedia":[{"embeddable":true,"href":"https:\/\/pasaenmendoza.com\/index.php?rest_route=\/wp\/v2\/media\/12071"}],"wp:attachment":[{"href":"https:\/\/pasaenmendoza.com\/index.php?rest_route=%2Fwp%2Fv2%2Fmedia&parent=12070"}],"wp:term":[{"taxonomy":"category","embeddable":true,"href":"https:\/\/pasaenmendoza.com\/index.php?rest_route=%2Fwp%2Fv2%2Fcategories&post=12070"},{"taxonomy":"post_tag","embeddable":true,"href":"https:\/\/pasaenmendoza.com\/index.php?rest_route=%2Fwp%2Fv2%2Ftags&post=12070"}],"curies":[{"name":"wp","href":"https:\/\/api.w.org\/{rel}","templated":true}]}}