{"id":12073,"date":"2025-03-18T13:27:20","date_gmt":"2025-03-18T12:27:20","guid":{"rendered":"https:\/\/pasaenmendoza.com\/?p=12073"},"modified":"2025-03-18T13:27:21","modified_gmt":"2025-03-18T12:27:21","slug":"un-hombre-fue-condenado-a-cuatro-anos-de-carcel-por-distribuir-videos-de-abuso-sexual-a-ninos","status":"publish","type":"post","link":"https:\/\/pasaenmendoza.com\/?p=12073","title":{"rendered":"Un hombre fue condenado a cuatro a\u00f1os de c\u00e1rcel por distribuir videos de abuso sexual a ni\u00f1os"},"content":{"rendered":"\n<p>Un operativo denominado &#8220;Operaci\u00f3n V\u00edbora&#8221;, que inici\u00f3 en\u00a0<strong>Espa\u00f1a<\/strong>\u00a0y se traslad\u00f3 a\u00a0<strong>Guaymall\u00e9n<\/strong>\u00a0a trav\u00e9s de Interpol, permiti\u00f3 a la Justicia condenar este lunes a Javier Alfredo Jos\u00e9 Pe\u00f1aloza a cuatro a\u00f1os de c\u00e1rcel por distribuir\u00a0<strong>material de\u00a0abuso sexual\u00a0a menores de 13 a\u00f1os<\/strong>.<\/p>\n\n\n\n<p>El hombre reconoci\u00f3 los hechos y alcanz\u00f3 un acuerdo con la Justicia en un juicio abreviado firmado este lunes, lo que facilit\u00f3 resolver la causa en tres meses.<\/p>\n\n\n\n<p>La\u00a0<strong>condena<\/strong>\u00a0se produjo tras una investigaci\u00f3n iniciada en diciembre de 2024, cuando la Unidad Fiscal de Delitos Contra la Integridad Sexual recibi\u00f3 informaci\u00f3n desde\u00a0<strong>Espa\u00f1a<\/strong>\u00a0sobre un mendocino que distribu\u00eda videos de abuso y explotaci\u00f3n sexual a menores a trav\u00e9s de la aplicaci\u00f3n de mensajer\u00eda Viber, similar a WhatsApp o Telegram.<\/p>\n\n\n\n<p>R\u00e1pidamente el fiscal Flavio D\u00b4Amore orden\u00f3 las pesquisas necesarias, que desembocaron en un allanamiento en la casa de Pe\u00f1aloza ubicada en&nbsp;<strong>Guaymall\u00e9n,<\/strong>&nbsp;donde secuestraron tel\u00e9fonos celulares y computadoras que conten\u00edan, seg\u00fan calific\u00f3 el Ministerio P\u00fablico Fiscal (MPF), una &#8220;gran cantidad&#8221; de este material.<\/p>\n\n\n\n<p>Adem\u00e1s comprobaron que no s\u00f3lo ten\u00eda la\u00a0tenencia de las im\u00e1genes y videos\u00a0sino que tambi\u00e9n las distribu\u00eda a trav\u00e9s de distintas aplicaciones de mensajer\u00eda instant\u00e1neas.<\/p>\n\n\n\n<p>Con las pruebas en mano, el MPF solicit\u00f3 una audiencia de prisi\u00f3n preventiva por los delitos, que culmin\u00f3 en un\u00a0<strong>juicio abreviado<\/strong>\u00a0este lunes, resultando en una condena a cuatro a\u00f1os de prisi\u00f3n en efectivo por \u201cdistribuci\u00f3n de material de abuso y\/o explotaci\u00f3n sexual de menores de 13 a\u00f1os de edad, en concurso ideal con tenencia de material de abuso y\/o explotaci\u00f3n sexual con fines inequ\u00edvocos de distribuci\u00f3n de menores de 13 a\u00f1os\u201d.<\/p>\n\n\n\n<p><strong>Fuente: www.diariouno.com.ar<\/strong><\/p>\n","protected":false},"excerpt":{"rendered":"<p>Un operativo denominado &#8220;Operaci\u00f3n V\u00edbora&#8221;, que inici\u00f3 en\u00a0Espa\u00f1a\u00a0y se traslad\u00f3 a\u00a0Guaymall\u00e9n\u00a0a trav\u00e9s de Interpol, permiti\u00f3 a la Justicia condenar este lunes a Javier Alfredo Jos\u00e9 Pe\u00f1aloza a cuatro a\u00f1os de c\u00e1rcel por distribuir\u00a0material de\u00a0abuso sexual\u00a0a menores de 13 a\u00f1os. El hombre reconoci\u00f3 los hechos y alcanz\u00f3 un acuerdo con la Justicia en un juicio abreviado [&hellip;]<\/p>\n","protected":false},"author":2,"featured_media":12074,"comment_status":"open","ping_status":"open","sticky":false,"template":"","format":"standard","meta":[],"categories":[48],"tags":[],"_links":{"self":[{"href":"https:\/\/pasaenmendoza.com\/index.php?rest_route=\/wp\/v2\/posts\/12073"}],"collection":[{"href":"https:\/\/pasaenmendoza.com\/index.php?rest_route=\/wp\/v2\/posts"}],"about":[{"href":"https:\/\/pasaenmendoza.com\/index.php?rest_route=\/wp\/v2\/types\/post"}],"author":[{"embeddable":true,"href":"https:\/\/pasaenmendoza.com\/index.php?rest_route=\/wp\/v2\/users\/2"}],"replies":[{"embeddable":true,"href":"https:\/\/pasaenmendoza.com\/index.php?rest_route=%2Fwp%2Fv2%2Fcomments&post=12073"}],"version-history":[{"count":1,"href":"https:\/\/pasaenmendoza.com\/index.php?rest_route=\/wp\/v2\/posts\/12073\/revisions"}],"predecessor-version":[{"id":12075,"href":"https:\/\/pasaenmendoza.com\/index.php?rest_route=\/wp\/v2\/posts\/12073\/revisions\/12075"}],"wp:featuredmedia":[{"embeddable":true,"href":"https:\/\/pasaenmendoza.com\/index.php?rest_route=\/wp\/v2\/media\/12074"}],"wp:attachment":[{"href":"https:\/\/pasaenmendoza.com\/index.php?rest_route=%2Fwp%2Fv2%2Fmedia&parent=12073"}],"wp:term":[{"taxonomy":"category","embeddable":true,"href":"https:\/\/pasaenmendoza.com\/index.php?rest_route=%2Fwp%2Fv2%2Fcategories&post=12073"},{"taxonomy":"post_tag","embeddable":true,"href":"https:\/\/pasaenmendoza.com\/index.php?rest_route=%2Fwp%2Fv2%2Ftags&post=12073"}],"curies":[{"name":"wp","href":"https:\/\/api.w.org\/{rel}","templated":true}]}}