{"id":12082,"date":"2025-03-19T00:31:28","date_gmt":"2025-03-18T23:31:28","guid":{"rendered":"https:\/\/pasaenmendoza.com\/?p=12082"},"modified":"2025-03-19T00:31:29","modified_gmt":"2025-03-18T23:31:29","slug":"docentes-de-la-escuela-san-luis-gonzaga-contaron-como-se-vivio-el-primer-dia-de-clases-sin-celulares","status":"publish","type":"post","link":"https:\/\/pasaenmendoza.com\/?p=12082","title":{"rendered":"Docentes de la escuela San Luis Gonzaga contaron c\u00f3mo se vivi\u00f3 el primer d\u00eda de clases sin celulares"},"content":{"rendered":"\n<p>Los alumnos del secundario de la<strong>\u00a0Escuela San Luis Gonzaga<\/strong>\u00a0tuvieron el debut de un d\u00eda de clases sin\u00a0celulares\u00a0en las aulas. El colegio jesuita es el primero en\u00a0<strong>Mendoza<\/strong>\u00a0en prohibir el uso de estos dispositivos para mejorar la concentraci\u00f3n y la comunicaci\u00f3n.<\/p>\n\n\n\n<p>Hace 15 d\u00edas\u00a0la escuela incorpor\u00f3 lockers met\u00e1licos para que los estudiantes dejen los celulares antes de comenzar la clase.<\/p>\n\n\n\n<p>Carlos Victoria, profesor del colegio, i<a target=\"_blank\" rel=\"noreferrer noopener\"><\/a>ndic\u00f3 que gracias a la ausencia de los dispositivos sus alumnos comenzaron a&nbsp;<strong>interactuar&nbsp;<\/strong>en el recreo y se volvi\u00f3 a escuchar el murmullo en el patio, mientras que hasta hace algunos d\u00edas, antes de la implementaci\u00f3n, cada uno estaba centrado en su pantalla.<\/p>\n\n\n\n<p>&#8220;Esto fue como m\u00fasica para mis o\u00eddos. Volverlos a escuchar a los chicos&#8221;, asegur\u00f3.<\/p>\n\n\n\n<h2 class=\"wp-block-heading\"><strong>Los chicos tienen autoconciencia del potencial del celular en las aulas<\/strong><\/h2>\n\n\n\n<p>El rector de la Escuela San Luis Gonzaga,<strong>&nbsp;Julio Navarro<\/strong>, consider\u00f3 que lo que refieren los alumnos coincide con la mirada de los expertos sobre el uso regulado del&nbsp;<strong>celular<\/strong>.<\/p>\n\n\n\n<p>Navarro explic\u00f3 que les llam\u00f3 la atenci\u00f3n que los alumnos admitieran que las pantallas tienen un gran potencial para el aprendizaje pero tambi\u00e9n tienen consecuencias muy negativas por los<strong>\u00a0riesgos<\/strong>\u00a0que implican.<\/p>\n\n\n\n<p>La instituci\u00f3n realiz\u00f3 varias consultas antes de tomar la decisi\u00f3n en consultas a padres y alumnos, quienes admitieron que el&nbsp;<strong>dispositivo<\/strong>&nbsp;muchas veces es un elemento de distracci\u00f3n.<\/p>\n\n\n\n<p>La instituci\u00f3n es la primera en&nbsp;<strong>Mendoza<\/strong>&nbsp;que regul\u00f3 la utilizaci\u00f3n del celular, con el objetivo de mejorar la comunicaci\u00f3n y el proceso de aprendizaje.<\/p>\n\n\n\n<p>Todo esto, se dio a poco que la Legislatura avalara el uso del\u00a0<strong>celular<\/strong>, como parte del proceso de aprendizaje y como una herramienta m\u00e1s.<\/p>\n\n\n\n<p><strong>Fuente: www.diariouno.com.ar<\/strong><\/p>\n","protected":false},"excerpt":{"rendered":"<p>Los alumnos del secundario de la\u00a0Escuela San Luis Gonzaga\u00a0tuvieron el debut de un d\u00eda de clases sin\u00a0celulares\u00a0en las aulas. El colegio jesuita es el primero en\u00a0Mendoza\u00a0en prohibir el uso de estos dispositivos para mejorar la concentraci\u00f3n y la comunicaci\u00f3n. Hace 15 d\u00edas\u00a0la escuela incorpor\u00f3 lockers met\u00e1licos para que los estudiantes dejen los celulares antes de [&hellip;]<\/p>\n","protected":false},"author":2,"featured_media":12083,"comment_status":"open","ping_status":"open","sticky":false,"template":"","format":"standard","meta":[],"categories":[56],"tags":[],"_links":{"self":[{"href":"https:\/\/pasaenmendoza.com\/index.php?rest_route=\/wp\/v2\/posts\/12082"}],"collection":[{"href":"https:\/\/pasaenmendoza.com\/index.php?rest_route=\/wp\/v2\/posts"}],"about":[{"href":"https:\/\/pasaenmendoza.com\/index.php?rest_route=\/wp\/v2\/types\/post"}],"author":[{"embeddable":true,"href":"https:\/\/pasaenmendoza.com\/index.php?rest_route=\/wp\/v2\/users\/2"}],"replies":[{"embeddable":true,"href":"https:\/\/pasaenmendoza.com\/index.php?rest_route=%2Fwp%2Fv2%2Fcomments&post=12082"}],"version-history":[{"count":1,"href":"https:\/\/pasaenmendoza.com\/index.php?rest_route=\/wp\/v2\/posts\/12082\/revisions"}],"predecessor-version":[{"id":12084,"href":"https:\/\/pasaenmendoza.com\/index.php?rest_route=\/wp\/v2\/posts\/12082\/revisions\/12084"}],"wp:featuredmedia":[{"embeddable":true,"href":"https:\/\/pasaenmendoza.com\/index.php?rest_route=\/wp\/v2\/media\/12083"}],"wp:attachment":[{"href":"https:\/\/pasaenmendoza.com\/index.php?rest_route=%2Fwp%2Fv2%2Fmedia&parent=12082"}],"wp:term":[{"taxonomy":"category","embeddable":true,"href":"https:\/\/pasaenmendoza.com\/index.php?rest_route=%2Fwp%2Fv2%2Fcategories&post=12082"},{"taxonomy":"post_tag","embeddable":true,"href":"https:\/\/pasaenmendoza.com\/index.php?rest_route=%2Fwp%2Fv2%2Ftags&post=12082"}],"curies":[{"name":"wp","href":"https:\/\/api.w.org\/{rel}","templated":true}]}}