{"id":12085,"date":"2025-03-19T00:35:00","date_gmt":"2025-03-18T23:35:00","guid":{"rendered":"https:\/\/pasaenmendoza.com\/?p=12085"},"modified":"2025-03-19T00:35:01","modified_gmt":"2025-03-18T23:35:01","slug":"alfredo-cornejo-puso-a-alvear-como-ejemplo-de-comuna-que-se-involucra-en-seguridad","status":"publish","type":"post","link":"https:\/\/pasaenmendoza.com\/?p=12085","title":{"rendered":"Alfredo Cornejo puso a Alvear como ejemplo de comuna que se involucra en Seguridad"},"content":{"rendered":"\n<p><strong>Alfredo Cornejo<\/strong>\u00a0y su ministra de Seguridad,\u00a0<strong>Mercedes Rus,\u00a0<\/strong>vienen desplegando distintas estrategias para que los intendentes se involucren con la prevenci\u00f3n en materia de Seguridad. Hace poco presentaron la ley para regular el trabajo de los preventores municipales y este martes dieron un nuevo paso al anunciar un\u00a0<strong>Centro de Monitoreo Conjunto en General Alvear.<\/strong><\/p>\n\n\n\n<p>Y por si hiciera falta, el mismo mandatario se encarg\u00f3 de mandar un mensaje por elevaci\u00f3n a otros jefes comunales: \u201cCuanto m\u00e1s se comprometa un municipio en seguridad, m\u00e1s invertiremos nosotros\u201d, marc\u00f3. Sucede que hay intendentes m\u00e1s decididos a destinar fondos a la prevenci\u00f3n de la inseguridad, como es el caso del citadino&nbsp;<strong>Ulpiano Suarez<\/strong>, y otros que creen que hacerlo es generarle un doble gasto al Estado.<\/p>\n\n\n\n<p>En este caso en particular, el Gobierno provincial y el comunal firmaron un convenio para que en ese centro trabajen polic\u00edas y personal municipal con la premisa de dar una respuesta m\u00e1s eficiente y \u00e1gil ante una emergencia.<\/p>\n\n\n\n<p><strong>Fuente: www.diariouno.com.ar<\/strong><\/p>\n","protected":false},"excerpt":{"rendered":"<p>Alfredo Cornejo\u00a0y su ministra de Seguridad,\u00a0Mercedes Rus,\u00a0vienen desplegando distintas estrategias para que los intendentes se involucren con la prevenci\u00f3n en materia de Seguridad. Hace poco presentaron la ley para regular el trabajo de los preventores municipales y este martes dieron un nuevo paso al anunciar un\u00a0Centro de Monitoreo Conjunto en General Alvear. Y por si [&hellip;]<\/p>\n","protected":false},"author":2,"featured_media":12086,"comment_status":"open","ping_status":"open","sticky":false,"template":"","format":"standard","meta":[],"categories":[47],"tags":[],"_links":{"self":[{"href":"https:\/\/pasaenmendoza.com\/index.php?rest_route=\/wp\/v2\/posts\/12085"}],"collection":[{"href":"https:\/\/pasaenmendoza.com\/index.php?rest_route=\/wp\/v2\/posts"}],"about":[{"href":"https:\/\/pasaenmendoza.com\/index.php?rest_route=\/wp\/v2\/types\/post"}],"author":[{"embeddable":true,"href":"https:\/\/pasaenmendoza.com\/index.php?rest_route=\/wp\/v2\/users\/2"}],"replies":[{"embeddable":true,"href":"https:\/\/pasaenmendoza.com\/index.php?rest_route=%2Fwp%2Fv2%2Fcomments&post=12085"}],"version-history":[{"count":1,"href":"https:\/\/pasaenmendoza.com\/index.php?rest_route=\/wp\/v2\/posts\/12085\/revisions"}],"predecessor-version":[{"id":12087,"href":"https:\/\/pasaenmendoza.com\/index.php?rest_route=\/wp\/v2\/posts\/12085\/revisions\/12087"}],"wp:featuredmedia":[{"embeddable":true,"href":"https:\/\/pasaenmendoza.com\/index.php?rest_route=\/wp\/v2\/media\/12086"}],"wp:attachment":[{"href":"https:\/\/pasaenmendoza.com\/index.php?rest_route=%2Fwp%2Fv2%2Fmedia&parent=12085"}],"wp:term":[{"taxonomy":"category","embeddable":true,"href":"https:\/\/pasaenmendoza.com\/index.php?rest_route=%2Fwp%2Fv2%2Fcategories&post=12085"},{"taxonomy":"post_tag","embeddable":true,"href":"https:\/\/pasaenmendoza.com\/index.php?rest_route=%2Fwp%2Fv2%2Ftags&post=12085"}],"curies":[{"name":"wp","href":"https:\/\/api.w.org\/{rel}","templated":true}]}}