{"id":12091,"date":"2025-03-19T13:06:08","date_gmt":"2025-03-19T12:06:08","guid":{"rendered":"https:\/\/pasaenmendoza.com\/?p=12091"},"modified":"2025-03-19T13:06:09","modified_gmt":"2025-03-19T12:06:09","slug":"el-verano-comienza-a-despedirse-con-un-miercoles-muy-caluroso-en-mendoza","status":"publish","type":"post","link":"https:\/\/pasaenmendoza.com\/?p=12091","title":{"rendered":"El verano comienza a despedirse con un mi\u00e9rcoles muy caluroso en Mendoza"},"content":{"rendered":"\n<p>Luego de varios d\u00edas con m\u00e1ximas que superaron los 30\u00b0C, este mi\u00e9rcoles se registrar\u00e1 la temperatura m\u00e1s alta de la semana. Se espera que sea una jornada en la que&nbsp;<strong>se registren 35\u00b0C.<\/strong><\/p>\n\n\n\n<p>\u201cCaluroso con poca nubosidad, vientos moderados del noreste. M\u00e1xima: 35\u00baC M\u00ednima: 19\u00baC\u201d, se\u00f1ala el pron\u00f3stico de&nbsp;<strong>Contingencias Clim\u00e1ticas.<\/strong><\/p>\n\n\n\n<p>A su vez, para jueves y viernes las temperaturas volver\u00e1n a ubicarse en los 30\u00b0 hasta el s\u00e1bado.<\/p>\n\n\n\n<p>La llegada del oto\u00f1o se sentir\u00e1 desde el domingo en adelante ya que entrar\u00e1 un frente fr\u00edo con tormentas desde la madrugada y\u00a0<strong>con m\u00e1ximas que llegar\u00e1n a los 15 grados.<\/strong><\/p>\n\n\n\n<p><strong>Fuente: www.elsol.com.ar<\/strong><\/p>\n","protected":false},"excerpt":{"rendered":"<p>Luego de varios d\u00edas con m\u00e1ximas que superaron los 30\u00b0C, este mi\u00e9rcoles se registrar\u00e1 la temperatura m\u00e1s alta de la semana. Se espera que sea una jornada en la que&nbsp;se registren 35\u00b0C. \u201cCaluroso con poca nubosidad, vientos moderados del noreste. M\u00e1xima: 35\u00baC M\u00ednima: 19\u00baC\u201d, se\u00f1ala el pron\u00f3stico de&nbsp;Contingencias Clim\u00e1ticas. A su vez, para jueves y [&hellip;]<\/p>\n","protected":false},"author":2,"featured_media":12092,"comment_status":"open","ping_status":"open","sticky":false,"template":"","format":"standard","meta":[],"categories":[52],"tags":[],"_links":{"self":[{"href":"https:\/\/pasaenmendoza.com\/index.php?rest_route=\/wp\/v2\/posts\/12091"}],"collection":[{"href":"https:\/\/pasaenmendoza.com\/index.php?rest_route=\/wp\/v2\/posts"}],"about":[{"href":"https:\/\/pasaenmendoza.com\/index.php?rest_route=\/wp\/v2\/types\/post"}],"author":[{"embeddable":true,"href":"https:\/\/pasaenmendoza.com\/index.php?rest_route=\/wp\/v2\/users\/2"}],"replies":[{"embeddable":true,"href":"https:\/\/pasaenmendoza.com\/index.php?rest_route=%2Fwp%2Fv2%2Fcomments&post=12091"}],"version-history":[{"count":1,"href":"https:\/\/pasaenmendoza.com\/index.php?rest_route=\/wp\/v2\/posts\/12091\/revisions"}],"predecessor-version":[{"id":12093,"href":"https:\/\/pasaenmendoza.com\/index.php?rest_route=\/wp\/v2\/posts\/12091\/revisions\/12093"}],"wp:featuredmedia":[{"embeddable":true,"href":"https:\/\/pasaenmendoza.com\/index.php?rest_route=\/wp\/v2\/media\/12092"}],"wp:attachment":[{"href":"https:\/\/pasaenmendoza.com\/index.php?rest_route=%2Fwp%2Fv2%2Fmedia&parent=12091"}],"wp:term":[{"taxonomy":"category","embeddable":true,"href":"https:\/\/pasaenmendoza.com\/index.php?rest_route=%2Fwp%2Fv2%2Fcategories&post=12091"},{"taxonomy":"post_tag","embeddable":true,"href":"https:\/\/pasaenmendoza.com\/index.php?rest_route=%2Fwp%2Fv2%2Ftags&post=12091"}],"curies":[{"name":"wp","href":"https:\/\/api.w.org\/{rel}","templated":true}]}}