{"id":12097,"date":"2025-03-19T13:24:15","date_gmt":"2025-03-19T12:24:15","guid":{"rendered":"https:\/\/pasaenmendoza.com\/?p=12097"},"modified":"2025-03-19T13:24:16","modified_gmt":"2025-03-19T12:24:16","slug":"tragedia-en-alta-montana-tres-muertos-por-un-choque-frontal","status":"publish","type":"post","link":"https:\/\/pasaenmendoza.com\/?p=12097","title":{"rendered":"Tragedia en Alta Monta\u00f1a: tres muertos por un choque frontal"},"content":{"rendered":"\n<p>Un<strong>\u00a0tr\u00e1gico accidente\u00a0<\/strong>tuvo lugar la noche de este martes en la\u00a0<strong>Ruta 7<\/strong>, en el tramo entre\u00a0<strong>Polvaredas y Uspallata<\/strong>, dejando un saldo de\u00a0<strong>tres\u00a0personas fallecidas.<\/strong><\/p>\n\n\n\n<p>El siniestro ocurri\u00f3 alrededor de las<strong>\u00a023 horas\u00a0<\/strong>e involucr\u00f3 a\u00a0<strong>un cami\u00f3n Iveco de carga y una camioneta Ford Ecosport.<\/strong><\/p>\n\n\n\n<p>\u00a0El accidente se produjo cuando<strong>\u00a0la camioneta, que circulaba desde Chile hacia Argentina<\/strong>, perdi\u00f3 el control y se cruz\u00f3 de carril, impactando de frente contra un\u00a0<strong>cami\u00f3n Iveco\u00a0<\/strong>con acoplado, que se encontraba sin carga. El cami\u00f3n no obstru\u00eda la calzada, ya que ambos veh\u00edculos quedaron en la banquina.\u00a0<\/p>\n\n\n\n<p>Los testigos del accidente alertaron a los servicios de emergencia, que llegaron r\u00e1pidamente al lugar. Al llegar, los rescatistas encontraron a dos personas sin vida en el interior de la camioneta y a una mujer atrapada en la parte trasera del veh\u00edculo.\u00a0<br><\/p>\n\n\n\n<p><strong>V\u00edctimas del accidente<\/strong><\/p>\n\n\n\n<p>Al llegar al lugar, el personal policial encontr\u00f3 a dos hombres sin vida, identificados como&nbsp;<strong>Fabricio C\u00f3rdoba y Germ\u00e1n C\u00f3rdoba<\/strong>, quienes eran los ocupantes de la&nbsp;<strong>Ford Ecosport<\/strong>.&nbsp; Adem\u00e1s, la madre de los fallecidos,&nbsp;<strong>Claudia Haydee Malde<\/strong>, de 56 a\u00f1os y oriunda de Godoy Cruz, qued\u00f3 atrapada en la parte trasera del rodado.<\/p>\n\n\n\n<p>El personal de Bomberos fue convocado para realizar el rescate de&nbsp;<strong>Claudia Haydee Malde<\/strong>, quien fue trasladada en estado grave al&nbsp;<strong>Hospital de Uspallata<\/strong>. A las 23:58 horas, se solicit\u00f3 la colaboraci\u00f3n de un helic\u00f3ptero para su traslado al Hospital Central, pero se determin\u00f3 que no podr\u00eda soportar la altura.&nbsp;<\/p>\n\n\n\n<p>Durante el trayecto al nosocomio, la mujer sufri\u00f3 una descompensaci\u00f3n y se le realizaron maniobras de reanimaci\u00f3n cardiopulmonar (RCP) en la ambulancia. Lamentablemente, a las 03:50 horas,\u00a0<strong>personal m\u00e9dico del Hospital Central, confirm\u00f3 el<\/strong>\u00a0<strong>fallecimiento de Claudia Haydee Malde.<\/strong><\/p>\n\n\n\n<p><strong>El conductor del cami\u00f3n, Alex Jos\u00e9 Robles Conejeros, de 55 a\u00f1os&nbsp;<\/strong>y tambi\u00e9n residente de Godoy Cruz, fue sometido a un test de alcoholemia que arroj\u00f3 un resultado negativo. Sin embargo, fue aprehendido en la Comisar\u00eda 23\u00b0 hasta que se completen las pericias correspondientes.<\/p>\n\n\n\n<p><strong>Habilitan el tr\u00e1nsito<\/strong><\/p>\n\n\n\n<p>Se habilita el tr\u00e1nsito en la zona de Uspallata y Punta de Vacas, implementando un modo en c\u00e1psula para evitar nuevos accidentes. El trabajo es realizado por la Polic\u00eda de Mendoza y Gendarmer\u00eda Nacional.&nbsp;<\/p>\n\n\n\n<p>Se solicita mucha precauci\u00f3n en la ruta entre Uspallata y Las Cuevas. Las pericias en los veh\u00edculos siniestrados contin\u00faan, tras el tr\u00e1gico fallecimiento de tres personas que viajaban en la camioneta Eco Sport.<\/p>\n\n\n\n<p><strong>Fuente: www.mendozapost.com<\/strong><\/p>\n","protected":false},"excerpt":{"rendered":"<p>Un\u00a0tr\u00e1gico accidente\u00a0tuvo lugar la noche de este martes en la\u00a0Ruta 7, en el tramo entre\u00a0Polvaredas y Uspallata, dejando un saldo de\u00a0tres\u00a0personas fallecidas. El siniestro ocurri\u00f3 alrededor de las\u00a023 horas\u00a0e involucr\u00f3 a\u00a0un cami\u00f3n Iveco de carga y una camioneta Ford Ecosport. \u00a0El accidente se produjo cuando\u00a0la camioneta, que circulaba desde Chile hacia Argentina, perdi\u00f3 el control [&hellip;]<\/p>\n","protected":false},"author":2,"featured_media":12098,"comment_status":"open","ping_status":"open","sticky":false,"template":"","format":"standard","meta":[],"categories":[48],"tags":[],"_links":{"self":[{"href":"https:\/\/pasaenmendoza.com\/index.php?rest_route=\/wp\/v2\/posts\/12097"}],"collection":[{"href":"https:\/\/pasaenmendoza.com\/index.php?rest_route=\/wp\/v2\/posts"}],"about":[{"href":"https:\/\/pasaenmendoza.com\/index.php?rest_route=\/wp\/v2\/types\/post"}],"author":[{"embeddable":true,"href":"https:\/\/pasaenmendoza.com\/index.php?rest_route=\/wp\/v2\/users\/2"}],"replies":[{"embeddable":true,"href":"https:\/\/pasaenmendoza.com\/index.php?rest_route=%2Fwp%2Fv2%2Fcomments&post=12097"}],"version-history":[{"count":1,"href":"https:\/\/pasaenmendoza.com\/index.php?rest_route=\/wp\/v2\/posts\/12097\/revisions"}],"predecessor-version":[{"id":12099,"href":"https:\/\/pasaenmendoza.com\/index.php?rest_route=\/wp\/v2\/posts\/12097\/revisions\/12099"}],"wp:featuredmedia":[{"embeddable":true,"href":"https:\/\/pasaenmendoza.com\/index.php?rest_route=\/wp\/v2\/media\/12098"}],"wp:attachment":[{"href":"https:\/\/pasaenmendoza.com\/index.php?rest_route=%2Fwp%2Fv2%2Fmedia&parent=12097"}],"wp:term":[{"taxonomy":"category","embeddable":true,"href":"https:\/\/pasaenmendoza.com\/index.php?rest_route=%2Fwp%2Fv2%2Fcategories&post=12097"},{"taxonomy":"post_tag","embeddable":true,"href":"https:\/\/pasaenmendoza.com\/index.php?rest_route=%2Fwp%2Fv2%2Ftags&post=12097"}],"curies":[{"name":"wp","href":"https:\/\/api.w.org\/{rel}","templated":true}]}}