{"id":12100,"date":"2025-03-19T13:31:08","date_gmt":"2025-03-19T12:31:08","guid":{"rendered":"https:\/\/pasaenmendoza.com\/?p=12100"},"modified":"2025-03-19T13:31:09","modified_gmt":"2025-03-19T12:31:09","slug":"pensiones-por-invalidez-laboral-comienzan-a-auditar-a-30-mil-mendocinos-2","status":"publish","type":"post","link":"https:\/\/pasaenmendoza.com\/?p=12100","title":{"rendered":"Pensiones por invalidez laboral: comienzan a auditar a 30 mil mendocinos"},"content":{"rendered":"\n<p>Este mi\u00e9rcoles, m\u00e9dicos prestadores de PAMI comenzar\u00e1n oficialmente con el proceso de<strong>&nbsp;auditor\u00eda de las pensiones por invalidez laboral<\/strong>, a trav\u00e9s del cual se determinar\u00e1 qui\u00e9nes contin\u00faan cobrando el beneficio. En Mendoza, se estima que son cerca de&nbsp;<strong>30.000 las personas que ser\u00e1n auditadas<\/strong>, seg\u00fan confirmaron desde el \u00e1rea de Discapacidad a este medio.<\/p>\n\n\n\n<p>Si bien las citaciones empezaron a enviarse en febrero, al tratarse de un proceso que se encuentra en una etapa inicial,<strong>&nbsp;la carta documento a\u00fan no llega a todos los beneficiarios.<\/strong><\/p>\n\n\n\n<p>Por eso, se espera que<strong>\u00a0quienes a\u00fan no fueron notificados, reciban el documento pr\u00f3ximamente<\/strong>; con la fecha, hora y lugar en la que tendr\u00e1n que presentarse con la documentaci\u00f3n correspondiente.<\/p>\n\n\n\n<p>En este sentido,&nbsp;<strong>Georgina Cicchitti<\/strong>,<strong>&nbsp;<\/strong>directora de Discapacidad de Mendoza, llev\u00f3 tranquilidad a la poblaci\u00f3n y afirm\u00f3 que las citaciones se env\u00edan de manera progresiva.<\/p>\n\n\n\n<p>\u201c<em>Hay personas a las que les ha llegado la carta documento y hay otras a las que no. Por ah\u00ed esto&nbsp;<strong>ha generado mucha ansiedad, mucha angustia<\/strong>. Estamos comenzando con este proceso, es la primera etapa. La citaci\u00f3n va llegando a medida que transcurra el tiempo, no salieron todas juntas.&nbsp;<\/em><strong><em>Son cerca de 30.000 personas<\/em>\u201c<\/strong>, indic\u00f3 la funcionaria en di\u00e1logo con&nbsp;<em>El Sol<\/em>.<\/p>\n\n\n\n<p>El procedimiento est\u00e1 a cargo de la Agencia Nacional de Discapacidad (ANDIS) y PAMI, pero\u00a0<strong>el Gobierno de Mendoza puso a disposici\u00f3n los centros de salud<\/strong>\u00a0de la red p\u00fablica para garantizar la accesibilidad de las personas.<\/p>\n\n\n\n<h2 class=\"wp-block-heading\" id=\"h-como-sera-la-auditoria\">C\u00f3mo ser\u00e1 la auditor\u00eda<\/h2>\n\n\n\n<p>En primer lugar, los beneficiarios de la pensi\u00f3n&nbsp;<strong>recibir\u00e1n una carta documento<\/strong>&nbsp;con el turno asignado, con d\u00eda, hora y lugar donde deben concurrir con sus estudios m\u00e9dicos.<\/p>\n\n\n\n<p>\u201c<em>Ya hay citaciones a partir de este mi\u00e9rcoles 19 de marzo. Se debe llevar la documentaci\u00f3n disponible, pero qu\u00e9dense tranquilos que si falt\u00f3 un estudio o hay que actualizar algo, estar\u00e1 en una instancia siguiente. Pero es importante que la gente vaya.\u00a0<strong>No es la instancia para dar vuelta la pensi\u00f3n, es el primero paso<\/strong><\/em>\u201c, expres\u00f3 Cicchitti.<\/p>\n\n\n\n<p>Una vez que la persona haya asistido al turno, deber\u00e1&nbsp;<strong>remitir (escaneada) en un plazo de 30 d\u00edas, la documentaci\u00f3n presentada al m\u00e9dico&nbsp;<\/strong>prestador de PAMI. No se requieren estudios especiales, sino aquella documentaci\u00f3n por la cual se otorg\u00f3 el beneficio.<\/p>\n\n\n\n<p>Luego, los profesionales de la Agencia Nacional de Discapacidad (ANDIS) analizar\u00e1n la documentaci\u00f3n de cada usuario y, finalmente, emitir\u00e1n los dict\u00e1menes y resoluciones para establecer qui\u00e9nes siguen percibiendo el beneficio.<\/p>\n\n\n\n<h2 class=\"wp-block-heading\" id=\"h-consultas-y-vias-de-comunicacion\">Consultas y v\u00edas de comunicaci\u00f3n<\/h2>\n\n\n\n<p>El beneficiario&nbsp;<strong>debe concurrir obligatoriamente a la citaci\u00f3n<\/strong>, pero en caso de no poder asistir, dentro de las 24 horas anteriores al turno debe mandar un mail a&nbsp;<strong>inasistenciapnc@andis.gob.ar<\/strong>, adjuntando la documentaci\u00f3n que justifique la incomparecencia, con copia de su Documento Nacional de Identidad (DNI), frente y dorso.<\/p>\n\n\n\n<p>Tambi\u00e9n puede contactarse por el servicio de atenci\u00f3n del Estado Nacional TINA, por WhatsApp al 011 3910-1010, para avisar y justificar la ausencia.<\/p>\n\n\n\n<p>Por otro lado, si se quiere&nbsp;<strong>renunciar al beneficio<\/strong>, habr\u00e1 que presentar una nota firmada, acompa\u00f1ando copia de su DNI, frente y dorso, en la Oficina de ANSES (UDAI) m\u00e1s cercana a su domicilio, mediante correo electr\u00f3nico a la casilla oficial renuncia@andis.gob.ar, o a trav\u00e9s del chatbot TINA.<\/p>\n\n\n\n<p>Para consultas, la persona se puede comunicar mediante correo electr\u00f3nico a la casilla oficial<strong>\u00a0citacion@andis.gob.ar<\/strong>, o telef\u00f3nicamente al (54 11) 4379-7630\/7631 o a trav\u00e9s del chatbot TINA, de 8 a 16hs.<\/p>\n\n\n\n<p><strong>Fuente: www.elsol.com.ar<\/strong><\/p>\n","protected":false},"excerpt":{"rendered":"<p>Este mi\u00e9rcoles, m\u00e9dicos prestadores de PAMI comenzar\u00e1n oficialmente con el proceso de&nbsp;auditor\u00eda de las pensiones por invalidez laboral, a trav\u00e9s del cual se determinar\u00e1 qui\u00e9nes contin\u00faan cobrando el beneficio. En Mendoza, se estima que son cerca de&nbsp;30.000 las personas que ser\u00e1n auditadas, seg\u00fan confirmaron desde el \u00e1rea de Discapacidad a este medio. Si bien las [&hellip;]<\/p>\n","protected":false},"author":2,"featured_media":12101,"comment_status":"open","ping_status":"open","sticky":false,"template":"","format":"standard","meta":[],"categories":[89],"tags":[],"_links":{"self":[{"href":"https:\/\/pasaenmendoza.com\/index.php?rest_route=\/wp\/v2\/posts\/12100"}],"collection":[{"href":"https:\/\/pasaenmendoza.com\/index.php?rest_route=\/wp\/v2\/posts"}],"about":[{"href":"https:\/\/pasaenmendoza.com\/index.php?rest_route=\/wp\/v2\/types\/post"}],"author":[{"embeddable":true,"href":"https:\/\/pasaenmendoza.com\/index.php?rest_route=\/wp\/v2\/users\/2"}],"replies":[{"embeddable":true,"href":"https:\/\/pasaenmendoza.com\/index.php?rest_route=%2Fwp%2Fv2%2Fcomments&post=12100"}],"version-history":[{"count":1,"href":"https:\/\/pasaenmendoza.com\/index.php?rest_route=\/wp\/v2\/posts\/12100\/revisions"}],"predecessor-version":[{"id":12102,"href":"https:\/\/pasaenmendoza.com\/index.php?rest_route=\/wp\/v2\/posts\/12100\/revisions\/12102"}],"wp:featuredmedia":[{"embeddable":true,"href":"https:\/\/pasaenmendoza.com\/index.php?rest_route=\/wp\/v2\/media\/12101"}],"wp:attachment":[{"href":"https:\/\/pasaenmendoza.com\/index.php?rest_route=%2Fwp%2Fv2%2Fmedia&parent=12100"}],"wp:term":[{"taxonomy":"category","embeddable":true,"href":"https:\/\/pasaenmendoza.com\/index.php?rest_route=%2Fwp%2Fv2%2Fcategories&post=12100"},{"taxonomy":"post_tag","embeddable":true,"href":"https:\/\/pasaenmendoza.com\/index.php?rest_route=%2Fwp%2Fv2%2Ftags&post=12100"}],"curies":[{"name":"wp","href":"https:\/\/api.w.org\/{rel}","templated":true}]}}