{"id":12106,"date":"2025-03-19T23:00:54","date_gmt":"2025-03-19T22:00:54","guid":{"rendered":"https:\/\/pasaenmendoza.com\/?p=12106"},"modified":"2025-03-19T23:00:55","modified_gmt":"2025-03-19T22:00:55","slug":"paritaria-vitivinicola-foeva-bodegas-y-productores-acordaron-un-incremento-del-12","status":"publish","type":"post","link":"https:\/\/pasaenmendoza.com\/?p=12106","title":{"rendered":"Paritaria vitivin\u00edcola: Foeva, bodegas y productores acordaron un incremento del 12%"},"content":{"rendered":"\n<p>Apagadas las luces de la Fiesta, la vendimia 2025 vuelve a los claroscuros de un a\u00f1o dif\u00edcil en cuanto a precios y salarios. Lo muestra la\u00a0<strong>paritaria<\/strong>\u00a0vitivin\u00edcola, que tras varias reuniones entre la Federaci\u00f3n de Obreros y Empleados Vitivin\u00edcolas (Foeva) y las c\u00e1maras empresarias cerr\u00f3 un\u00a0<strong>12% de aumento<\/strong>\u00a0para los\u00a0<strong>salarios<\/strong>\u00a0de trabajadores de vi\u00f1a y bodega.<\/p>\n\n\n\n<p>En el medio hubo amagues de &#8220;romper&#8221; la&nbsp;<strong>negociaci\u00f3n<\/strong>&nbsp;con distintas motivaciones y prop\u00f3sitos. Por un lado, de un gremio en desacuerdo con la propuesta de la patronal que, por su parte, lleg\u00f3 a proponer un acuerdo circunscripto s\u00f3lo a operarios de bodegas y dejar de lado a los cosechadores.<\/p>\n\n\n\n<p>Lo cierto es que entre lunes y martes termin\u00f3 de fraguar el nuevo convenio, que con sus pros y contras termin\u00f3 de sellarse al mediod\u00eda de este mi\u00e9rcoles ante el Ministerio de Trabajo. Y, como siempre, el recurso de\u00a0<strong>pagar sumas no remunerativas\u00a0<\/strong>o en negro ayud\u00f3 a destrabarlo.<\/p>\n\n\n\n<p>Con todo, hay un dato comparativo que sirve para darle dimensi\u00f3n: el convenio de la vitivinicultura queda&nbsp;<strong>hasta 2 puntos porcentuales debajo del aumento a los estatales<\/strong>.<\/p>\n\n\n\n<p>La negociaci\u00f3n, a diferencia de otros a\u00f1os, hab\u00eda comenzado con el&nbsp;<strong>precio del tacho<\/strong>&nbsp;de uva, variable que normalmente queda supeditada a los ingresos. Pero esta vez fue al rev\u00e9s, casi por imperio de las circunstancias en una temporada con mucha uva y n\u00fameros inciertos en cuanto a retribuciones.<\/p>\n\n\n\n<h2 class=\"wp-block-heading\">Tacho de uva, el punto de partida (y de llegada)<\/h2>\n\n\n\n<p>&#8220;Las c\u00e1maras empresarias quisieron acordar s\u00f3lo el convenio de bodega y dejar afuera a trabajadores de vi\u00f1a con el argumento del granizo, que no hay precio para la uva&#8230;. Una locura. Logramos este acuerdo con el compromiso de sentarnos de nuevo a discutir los salarios a mitad de a\u00f1o&#8221;, se\u00f1al\u00f3&nbsp;<strong>Juan Carlos Aguirre<\/strong>, secretario gremial de&nbsp;<strong>Foeva<\/strong>.<\/p>\n\n\n\n<p>Hay que remontarse a diciembre para entender de d\u00f3nde viene la negociaci\u00f3n por los salarios del sector vitivin\u00edcola. Es que el \u00faltimo tramo de la paritaria 2024 contemplaba otra actualizaci\u00f3n trimestral (diciembre-febrero), que qued\u00f3 en la nada.<\/p>\n\n\n\n<p>Fue un indicio de quiebre que termin\u00f3 concret\u00e1ndose. Es que por primera vez, ante la in\u00e9dita propuesta final de las c\u00e1maras y el rechazo indeclinable del sindicato,\u00a0la paritaria vitivin\u00edcola 2024 cerr\u00f3 sin actualizaci\u00f3n.<\/p>\n\n\n\n<p>El nuevo punto de partida fue un tacho de uva por el que las bodegas pagaron&nbsp;<strong>$300 durante la cosecha 2024<\/strong>. Y Foeva se propon\u00eda mejorar sustancialmente, por lo que en principio la vara, como casi en cualquier negociaci\u00f3n, se puso alta.<\/p>\n\n\n\n<p>Y si bien la pretensi\u00f3n inicial fue de $800, el acuerdo final fue por algo m\u00e1s del 80% interanual: as\u00ed el sector acept\u00f3&nbsp;<strong>no liquidar el tacho por debajo de los $550&nbsp;<\/strong>este a\u00f1o.<\/p>\n\n\n\n<p>Para\u00a0<strong>Emiliano Palazzo<\/strong>, de la\u00a0<strong>Federaci\u00f3n de C\u00e1maras Vitivin\u00edcolas,<\/strong>\u00a0el aumento acordado &#8220;no es descabellado, s\u00ed que la uva valga lo mismo, o menos, que el a\u00f1o anterior&#8221;. A su criterio esas condiciones lo vuelven dificultoso.<\/p>\n\n\n\n<h2 class=\"wp-block-heading\">Salarios: de nada al 12% en cuotas<\/h2>\n\n\n\n<p>&#8220;Desde que tengo memoria se han firmado acuerdos salariales que la mayor\u00eda de productores y bodegueros no podr\u00edan pagar, sin que signifique que el trabajador de vi\u00f1a y bodega no lo merezca. Lo que termina resultando es que<strong>&nbsp;quien puede lo cumple y quien no, no toma personal nuevo<\/strong>&nbsp;o despide personal, o contrata de manera informal. Pasa cuando se introducen valores que dados los magros m\u00e1rgenes, a veces negativos no se pueden cumplir&#8221;, se explay\u00f3 Palazzo.<\/p>\n\n\n\n<p>La negociaci\u00f3n se hab\u00eda roto en enero, y las asambleas frente a algunas bodegas caldearon un poco m\u00e1s los \u00e1nimos. Con el nuevo a\u00f1o el tono de la discusi\u00f3n no baj\u00f3, y tuvieron que pasar&nbsp;<strong>7 reuniones entre las c\u00e1maras y el gremio&nbsp;<\/strong>hasta que finalmente hubo &#8220;fumata blanca&#8221; en torno al 12%, a partir de una inflaci\u00f3n proyectada por debajo del 2,5% mensual que dej\u00f3 febrero.<\/p>\n\n\n\n<p>Ante la falta de una perspectiva superadora, las partes se dieron la mano por ese 12% en cuotas. Un esquema en torno al<strong>&nbsp;4% bimestral<\/strong>&nbsp;<strong>para bodega<\/strong>, y&nbsp;<strong>2% mensual<\/strong>&nbsp;<strong>para vi\u00f1a<\/strong>, lo que llevar\u00e1 el&nbsp;<strong>salario b\u00e1sico&nbsp;<\/strong>para vi\u00f1a apenas por encima de los&nbsp;<strong>$600 mil a mitad de a\u00f1o<\/strong>. Y cercano a los<strong>&nbsp;$700 mil<\/strong>&nbsp;para el&nbsp;<strong>operario de<\/strong>&nbsp;<strong>bodega<\/strong>.<\/p>\n\n\n\n<p>Claro, eso ser\u00e1 reci\u00e9n para agosto, ya que esos porcentajes se liquidar\u00e1n como<strong>&nbsp;sumas no remunerativas<\/strong>.<\/p>\n\n\n\n<p>Con todo, la<strong>\u00a0paritaria<\/strong>\u00a0se reabrir\u00e1 pasado el primer semestre del 2025. La pr\u00f3xima parada, en octavo mes del a\u00f1o, promete ser tan dif\u00edcil como la que acaba de pasar.<\/p>\n\n\n\n<p><strong>Fuente: www.diariouno.com.ar<\/strong><\/p>\n","protected":false},"excerpt":{"rendered":"<p>Apagadas las luces de la Fiesta, la vendimia 2025 vuelve a los claroscuros de un a\u00f1o dif\u00edcil en cuanto a precios y salarios. Lo muestra la\u00a0paritaria\u00a0vitivin\u00edcola, que tras varias reuniones entre la Federaci\u00f3n de Obreros y Empleados Vitivin\u00edcolas (Foeva) y las c\u00e1maras empresarias cerr\u00f3 un\u00a012% de aumento\u00a0para los\u00a0salarios\u00a0de trabajadores de vi\u00f1a y bodega. En el [&hellip;]<\/p>\n","protected":false},"author":2,"featured_media":12107,"comment_status":"open","ping_status":"open","sticky":false,"template":"","format":"standard","meta":[],"categories":[55],"tags":[],"_links":{"self":[{"href":"https:\/\/pasaenmendoza.com\/index.php?rest_route=\/wp\/v2\/posts\/12106"}],"collection":[{"href":"https:\/\/pasaenmendoza.com\/index.php?rest_route=\/wp\/v2\/posts"}],"about":[{"href":"https:\/\/pasaenmendoza.com\/index.php?rest_route=\/wp\/v2\/types\/post"}],"author":[{"embeddable":true,"href":"https:\/\/pasaenmendoza.com\/index.php?rest_route=\/wp\/v2\/users\/2"}],"replies":[{"embeddable":true,"href":"https:\/\/pasaenmendoza.com\/index.php?rest_route=%2Fwp%2Fv2%2Fcomments&post=12106"}],"version-history":[{"count":1,"href":"https:\/\/pasaenmendoza.com\/index.php?rest_route=\/wp\/v2\/posts\/12106\/revisions"}],"predecessor-version":[{"id":12108,"href":"https:\/\/pasaenmendoza.com\/index.php?rest_route=\/wp\/v2\/posts\/12106\/revisions\/12108"}],"wp:featuredmedia":[{"embeddable":true,"href":"https:\/\/pasaenmendoza.com\/index.php?rest_route=\/wp\/v2\/media\/12107"}],"wp:attachment":[{"href":"https:\/\/pasaenmendoza.com\/index.php?rest_route=%2Fwp%2Fv2%2Fmedia&parent=12106"}],"wp:term":[{"taxonomy":"category","embeddable":true,"href":"https:\/\/pasaenmendoza.com\/index.php?rest_route=%2Fwp%2Fv2%2Fcategories&post=12106"},{"taxonomy":"post_tag","embeddable":true,"href":"https:\/\/pasaenmendoza.com\/index.php?rest_route=%2Fwp%2Fv2%2Ftags&post=12106"}],"curies":[{"name":"wp","href":"https:\/\/api.w.org\/{rel}","templated":true}]}}