{"id":12109,"date":"2025-03-19T23:07:23","date_gmt":"2025-03-19T22:07:23","guid":{"rendered":"https:\/\/pasaenmendoza.com\/?p=12109"},"modified":"2025-03-19T23:07:24","modified_gmt":"2025-03-19T22:07:24","slug":"el-gobierno-recibio-una-donacion-de-40-mil-hectareas-para-sumar-al-dominio-publico-de-la-payunia","status":"publish","type":"post","link":"https:\/\/pasaenmendoza.com\/?p=12109","title":{"rendered":"El Gobierno recibi\u00f3 una donaci\u00f3n de 40 mil hect\u00e1reas para sumar al dominio p\u00fablico de La Payunia"},"content":{"rendered":"\n<p>El\u00a0<strong>\u00c1rea Natural Protegida\u00a0La Payunia<\/strong>, ubicada en\u00a0<strong>Malarg\u00fce,<\/strong>\u00a0sumar\u00e1 otras 40 mil hect\u00e1reas al dominio p\u00fablico tras una donaci\u00f3n de la organizaci\u00f3n Wildlife Conservation Society (WCS) al Gobierno. Las tierras fueron compradas y luego cedidas por esta ONG con fondos de Greater Good Charities, seg\u00fan informaron este mi\u00e9rcoles desde el Ejecutivo.<\/p>\n\n\n\n<p>La expansi\u00f3n del \u00e1rea p\u00fablica permitir\u00e1 la conectividad necesaria para la&nbsp;<strong>migraci\u00f3n del guanaco<\/strong>, un animal que cumple un rol fundamental en el ecosistema, ya que su alimentaci\u00f3n contribuye a la regeneraci\u00f3n de las pasturas y al almacenamiento de carbono en los suelos, explicaron desde el Ejecutivo.<\/p>\n\n\n\n<p>Adem\u00e1s, comentaron que esta acci\u00f3n evitar\u00e1 el impacto de actividades como la ganader\u00eda tradicional, la caza furtiva y la extracci\u00f3n de hidrocarburos, favoreciendo as\u00ed la\u00a0<strong>preservaci\u00f3n de los procesos ecol\u00f3gicos naturales<\/strong>.<\/p>\n\n\n\n<p>La firma de la carta-oferta se realiz\u00f3 este mi\u00e9rcoles en el cuarto piso de Casa de Gobierno y participaron el gobernador&nbsp;<strong>Alfredo Cornejo<\/strong>, la ministra de Energ\u00eda y Ambiente, Jimena Latorre, el director de WCS, Mariano Roglich, y el titular de Conservaci\u00f3n Terrestre de WCS, Andr\u00e9s Novarro.<\/p>\n\n\n\n<p>El pr\u00f3ximo paso para que se termine de formalizar la cesi\u00f3n es la aprobaci\u00f3n en la Legislatura, que, seg\u00fan el mandatario provincial, se har\u00e1 en breve.<\/p>\n\n\n\n<p>\u201cSomos muy conscientes de que conservar el ambiente es una unidad de negocios tambi\u00e9n para atraer\u201d, explic\u00f3 Cornejo y coment\u00f3 que el Ente Mendoza Turismo (Emetur) trabaja en las&nbsp;<strong>\u00e1reas protegidas<\/strong>&nbsp;\u201cpara encontrar la mayor inversi\u00f3n privada que nos permita visitas. No solo conservar, sino tambi\u00e9n que puedan ser disfrutadas\u201d.<\/p>\n\n\n\n<p>\u201cNo es una tarea f\u00e1cil en un contexto de ca\u00edda de la econom\u00eda, como hemos tenido en casi dos d\u00e9cadas, encontrar inversores adecuados como para hacer la conservaci\u00f3n y tener rentabilidad\u201d, afirm\u00f3.<\/p>\n\n\n\n<h2 class=\"wp-block-heading\">Mendoza es la provincia con m\u00e1s \u00e1reas naturales protegidas en el pa\u00eds<\/h2>\n\n\n\n<p>El gobernador asegur\u00f3 que Mendoza cuenta con el 13,5% de la superficie de su territorio como&nbsp;<strong>zona protegida&nbsp;<\/strong>y que es &#8220;la mayor cantidad de \u00e1reas naturales protegidas en todo el pa\u00eds&#8221;.<\/p>\n\n\n\n<p>Por otra parte, Latorre detall\u00f3 que en<strong>\u00a0La Payunia<\/strong>\u00a0\u201chay 20.000 hect\u00e1reas que ya hab\u00edan sido donadas\u00a0e incorporadas al dominio p\u00fablico, a las que se suma esta nueva donaci\u00f3n de 40.000 hect\u00e1reas\u201d.<\/p>\n\n\n\n<p>Sobre el env\u00edo del proyecto a la Legislatura adelant\u00f3 que buscar\u00e1n &#8220;otorgarle jerarqu\u00eda de parque provincial para la preservaci\u00f3n y la conservaci\u00f3n de la naturaleza y la biodiversidad&#8221;.<\/p>\n\n\n\n<p>Bryna Donnelly, vicepresidenta ejecutiva de Greater Good Charities, resalt\u00f3: \u201cEsta contribuci\u00f3n refleja nuestro profundo compromiso con la sostenibilidad y la restauraci\u00f3n del h\u00e1bitat, as\u00ed como con la protecci\u00f3n de las especies. Nos complace que estas tierras sean p\u00fablicas para las futuras generaciones y esperamos ver en los pr\u00f3ximos a\u00f1os su impacto positivo en el ecosistema\u201d.<\/p>\n\n\n\n<h2 class=\"wp-block-heading\">El Gobierno avanza con el plan de manejo de La Payunia<\/h2>\n\n\n\n<p><strong>La Payunia<\/strong>&nbsp;tiene una extensi\u00f3n de 665 mil hect\u00e1reas y es la mayor \u00e1rea natural protegida de Mendoza y una de las m\u00e1s relevantes de la Patagonia.<\/p>\n\n\n\n<p>Seg\u00fan explicaron desde el Gobierno, el Ejecutivo trabaja en conjunto con instituciones cient\u00edficas como el CONICET y organizaciones como WCS Argentina, en el plan de manejo de la reserva, con estudios sobre los patrones migratorios del guanaco, proyectos de ganader\u00eda regenerativa y el monitoreo anual de c\u00f3ndores a cargo del cuerpo de guardaparques provincial.<\/p>\n\n\n\n<p>&#8220;Esta ampliaci\u00f3n del dominio p\u00fablico reafirma el compromiso de la Provincia con la protecci\u00f3n de su patrimonio natural, asegurando el equilibrio ambiental y el desarrollo sostenible de la regi\u00f3n&#8221;, concluyeron.<\/p>\n\n\n\n<p><strong>Fuente: www.diariouno.com.ar<\/strong><\/p>\n","protected":false},"excerpt":{"rendered":"<p>El\u00a0\u00c1rea Natural Protegida\u00a0La Payunia, ubicada en\u00a0Malarg\u00fce,\u00a0sumar\u00e1 otras 40 mil hect\u00e1reas al dominio p\u00fablico tras una donaci\u00f3n de la organizaci\u00f3n Wildlife Conservation Society (WCS) al Gobierno. Las tierras fueron compradas y luego cedidas por esta ONG con fondos de Greater Good Charities, seg\u00fan informaron este mi\u00e9rcoles desde el Ejecutivo. La expansi\u00f3n del \u00e1rea p\u00fablica permitir\u00e1 la [&hellip;]<\/p>\n","protected":false},"author":2,"featured_media":12110,"comment_status":"open","ping_status":"open","sticky":false,"template":"","format":"standard","meta":[],"categories":[47],"tags":[],"_links":{"self":[{"href":"https:\/\/pasaenmendoza.com\/index.php?rest_route=\/wp\/v2\/posts\/12109"}],"collection":[{"href":"https:\/\/pasaenmendoza.com\/index.php?rest_route=\/wp\/v2\/posts"}],"about":[{"href":"https:\/\/pasaenmendoza.com\/index.php?rest_route=\/wp\/v2\/types\/post"}],"author":[{"embeddable":true,"href":"https:\/\/pasaenmendoza.com\/index.php?rest_route=\/wp\/v2\/users\/2"}],"replies":[{"embeddable":true,"href":"https:\/\/pasaenmendoza.com\/index.php?rest_route=%2Fwp%2Fv2%2Fcomments&post=12109"}],"version-history":[{"count":1,"href":"https:\/\/pasaenmendoza.com\/index.php?rest_route=\/wp\/v2\/posts\/12109\/revisions"}],"predecessor-version":[{"id":12111,"href":"https:\/\/pasaenmendoza.com\/index.php?rest_route=\/wp\/v2\/posts\/12109\/revisions\/12111"}],"wp:featuredmedia":[{"embeddable":true,"href":"https:\/\/pasaenmendoza.com\/index.php?rest_route=\/wp\/v2\/media\/12110"}],"wp:attachment":[{"href":"https:\/\/pasaenmendoza.com\/index.php?rest_route=%2Fwp%2Fv2%2Fmedia&parent=12109"}],"wp:term":[{"taxonomy":"category","embeddable":true,"href":"https:\/\/pasaenmendoza.com\/index.php?rest_route=%2Fwp%2Fv2%2Fcategories&post=12109"},{"taxonomy":"post_tag","embeddable":true,"href":"https:\/\/pasaenmendoza.com\/index.php?rest_route=%2Fwp%2Fv2%2Ftags&post=12109"}],"curies":[{"name":"wp","href":"https:\/\/api.w.org\/{rel}","templated":true}]}}