{"id":1211,"date":"2023-09-05T15:27:11","date_gmt":"2023-09-05T13:27:11","guid":{"rendered":"https:\/\/pasaenmendoza.com\/?p=1211"},"modified":"2023-09-05T15:27:12","modified_gmt":"2023-09-05T13:27:12","slug":"afinidad-historica-el-equipo-de-campana-de-bullrich-pone-la-mira-en-mendoza-para-recuperar-votos","status":"publish","type":"post","link":"https:\/\/pasaenmendoza.com\/?p=1211","title":{"rendered":"\u201cAfinidad hist\u00f3rica\u201d: el equipo de campa\u00f1a de Bullrich pone la mira en Mendoza para recuperar votos"},"content":{"rendered":"\n<p><strong>Patricia Bullrich<\/strong>&nbsp;y su equipo ya definieron la estrategia para recuperar los votos que Juntos por el Cambio perdi\u00f3 entre 2019 y las PASO del 13 de agosto pasado en regiones que consideran afines. Y&nbsp;<strong>Mendoza&nbsp;<\/strong>est\u00e1 marcada con rojo en el b\u00fanker de campa\u00f1a de la exministra de Seguridad.<\/p>\n\n\n\n<p>Del controvertido lema de campa\u00f1a\u00a0de las Primarias (<em>\u201cSi no es todo, es nada\u201d<\/em>), Bullrich apuntar\u00eda ahora a\u00a0<strong>un mensaje m\u00e1s gradualista<\/strong>, destinado a los votantes m\u00e1s vinculados al radicalismo, a Horacio Rodr\u00edguez Larreta y a Mart\u00edn Lousteau, por ejemplo.<\/p>\n\n\n\n<p>En tal sentido, seg\u00fan publica\u00a0<strong>Carlos Pagni<\/strong>, columnista del diario La Naci\u00f3n, el fin de semana pasado Bullrich mantuvo un encuentro en Pilar con dirigentes radicales donde hubo definiciones claves de lo que ser\u00eda la campa\u00f1a hasta el 22 de octubre.<\/p>\n\n\n\n<p>El encargado de bajar el mensaje fue el principal asesor de Bullrich en materia de estrategia electoral,\u00a0<strong>Derek Hampton<\/strong>, disc\u00edpulo de Jaime Dur\u00e1n Barba.<\/p>\n\n\n\n<p><em>\u201cVamos a ir a buscar los votos no a cualquier lado, iremos a lugares donde en las elecciones del 2019 nos fue bien. Por ejemplo, en&nbsp;<strong>Mendoza&nbsp;<\/strong>en 2019 nos fue mucho mejor que lo que nos fue en la elecci\u00f3n primaria. Esos que no nos votaron tal vez nos voten, hay una afinidad hist\u00f3rica con ellos\u201d<\/em>, dijo Hampton ante el grupo de radicales.<\/p>\n\n\n\n<p>En las PASO presidenciales del 13 de agosto,\u00a0<strong>Javier Milei arras\u00f3 en Mendoza<\/strong>, rozando el 45% de los votos. Juntos por el Cambio fue segundo, pero apenas pasando el 28%. En el mano a mano, el economista liberal duplic\u00f3 a Bullrich.<\/p>\n\n\n\n<p>Hay que recordar que el compa\u00f1ero de f\u00f3rmula de la referente del PRO es el mendocino Luis Petri.<\/p>\n\n\n\n<p>Otra zona donde el resultado fue peor que el esperado para JxC fue la primera secci\u00f3n electoral bonaerense.&nbsp;<em>\u201cEs ir a buscar el voto donde hay cierta familiaridad previa, en una estrategia bastante similar a la que llev\u00f3 Mauricio Macri con \u00e9xito, entre las primarias del 2019 y las generales del mismo a\u00f1o\u201d<\/em>, dijo Pagni en su programa Odisea (LN+).<\/p>\n\n\n\n<p>El expresidente recuper\u00f3 muchos votos entre las PASO y las generales del 2019 con la campa\u00f1a del \u201cs\u00ed se puede\u201d. Ese contacto directo con la gente es el que ahora buscar\u00e1 protagonizar Bullrich en las pr\u00f3ximas semanas.<\/p>\n\n\n\n<p><strong>Fuente: www.elsol.com.ar<\/strong><\/p>\n","protected":false},"excerpt":{"rendered":"<p>Patricia Bullrich&nbsp;y su equipo ya definieron la estrategia para recuperar los votos que Juntos por el Cambio perdi\u00f3 entre 2019 y las PASO del 13 de agosto pasado en regiones que consideran afines. Y&nbsp;Mendoza&nbsp;est\u00e1 marcada con rojo en el b\u00fanker de campa\u00f1a de la exministra de Seguridad. Del controvertido lema de campa\u00f1a\u00a0de las Primarias (\u201cSi [&hellip;]<\/p>\n","protected":false},"author":2,"featured_media":1213,"comment_status":"open","ping_status":"open","sticky":false,"template":"","format":"standard","meta":[],"categories":[47],"tags":[],"_links":{"self":[{"href":"https:\/\/pasaenmendoza.com\/index.php?rest_route=\/wp\/v2\/posts\/1211"}],"collection":[{"href":"https:\/\/pasaenmendoza.com\/index.php?rest_route=\/wp\/v2\/posts"}],"about":[{"href":"https:\/\/pasaenmendoza.com\/index.php?rest_route=\/wp\/v2\/types\/post"}],"author":[{"embeddable":true,"href":"https:\/\/pasaenmendoza.com\/index.php?rest_route=\/wp\/v2\/users\/2"}],"replies":[{"embeddable":true,"href":"https:\/\/pasaenmendoza.com\/index.php?rest_route=%2Fwp%2Fv2%2Fcomments&post=1211"}],"version-history":[{"count":1,"href":"https:\/\/pasaenmendoza.com\/index.php?rest_route=\/wp\/v2\/posts\/1211\/revisions"}],"predecessor-version":[{"id":1214,"href":"https:\/\/pasaenmendoza.com\/index.php?rest_route=\/wp\/v2\/posts\/1211\/revisions\/1214"}],"wp:featuredmedia":[{"embeddable":true,"href":"https:\/\/pasaenmendoza.com\/index.php?rest_route=\/wp\/v2\/media\/1213"}],"wp:attachment":[{"href":"https:\/\/pasaenmendoza.com\/index.php?rest_route=%2Fwp%2Fv2%2Fmedia&parent=1211"}],"wp:term":[{"taxonomy":"category","embeddable":true,"href":"https:\/\/pasaenmendoza.com\/index.php?rest_route=%2Fwp%2Fv2%2Fcategories&post=1211"},{"taxonomy":"post_tag","embeddable":true,"href":"https:\/\/pasaenmendoza.com\/index.php?rest_route=%2Fwp%2Fv2%2Ftags&post=1211"}],"curies":[{"name":"wp","href":"https:\/\/api.w.org\/{rel}","templated":true}]}}