{"id":12112,"date":"2025-03-19T23:13:25","date_gmt":"2025-03-19T22:13:25","guid":{"rendered":"https:\/\/pasaenmendoza.com\/?p=12112"},"modified":"2025-03-19T23:13:26","modified_gmt":"2025-03-19T22:13:26","slug":"el-gobierno-impulsa-la-reactivacion-de-una-mina-de-talco-con-una-inversion-de-40-millones","status":"publish","type":"post","link":"https:\/\/pasaenmendoza.com\/?p=12112","title":{"rendered":"El Gobierno impulsa la reactivaci\u00f3n de una mina de talco con una inversi\u00f3n de $40 millones"},"content":{"rendered":"\n<p>El Gobierno de Mendoza busca reactivar la\u00a0mina\u00a0de\u00a0<strong>talco<\/strong>\u00a0&#8220;Don Ernesto&#8221; que se ubica en\u00a0<strong>Uspallata,<\/strong>\u00a0en Las Heras y que este 22 de abril se realizar\u00e1 la audiencia p\u00fablica, como uno de los pasos para obtener la Declaraci\u00f3n de Impacto Ambiental.<\/p>\n\n\n\n<p>El&nbsp;<strong>proyecto&nbsp;<\/strong>de la mina &#8220;Don Ernesto&#8221;, prev\u00e9 una inversi\u00f3n estimada en 40 millones de pesos. S\u00f3lo en la apertura de caminos se destinar\u00e1n 20 millones.<\/p>\n\n\n\n<p>Esa instancia ser\u00e1 celebrada el 22 de abril a las 9, bajo la modalidad h\u00edbrida: Presencial: en las inmediaciones del proyecto, ubicado en&nbsp;<strong>Uspallata, Las Heras<\/strong>, Mendoza (coordenadas: 32\u00b035&#8217;46.98&#8243;S 69\u00b012&#8217;6.66&#8243;W).<\/p>\n\n\n\n<p>Y Virtual: a trav\u00e9s de una plataforma web. El enlace de acceso ser\u00e1 enviado una vez completada la inscripci\u00f3n.<\/p>\n\n\n\n<p>Los\u00a0<strong>interesados<\/strong>\u00a0deber\u00e1n inscribirse hasta el 20 de abril del 2025 a las 23.59 a trav\u00e9s de los links que se podr\u00e1n visualizar en las siguientes p\u00e1ginas:\u00a0www.dpa.mendoza.gov.ar\u00a0y\u00a0www.mendoza.gov.ar\/mineria.<\/p>\n\n\n\n<p>\u201cEste proceso fue solicitado por un peque\u00f1o productor de la provincia de&nbsp;<strong>Mendoza<\/strong>&nbsp;que ha decidido llevar a cabo un proyecto que volver\u00e1 a poner al talco de Uspallata otra vez en el mapa de la producci\u00f3n\u201d, asegur\u00f3 el director de Miner\u00eda, Jer\u00f3nimo Shantal.<\/p>\n\n\n\n<p>\u201cEsto se realiza luego de que ya han sido incorporados en el expediente todos los<strong>&nbsp;informes t\u00e9cnicos&nbsp;<\/strong>y sectoriales presentados por varios organismos y sectores acad\u00e9micos y cient\u00edficos\u201d, agreg\u00f3.<\/p>\n\n\n\n<p>El\u00a0<strong>talco\u00a0<\/strong>se utiliza para la industria de la pintura, pl\u00e1stico y cosm\u00e9tica.<\/p>\n\n\n\n<p><strong>Fuente: www.diariouno.com.ar<\/strong><\/p>\n\n\n\n<p><\/p>\n","protected":false},"excerpt":{"rendered":"<p>El Gobierno de Mendoza busca reactivar la\u00a0mina\u00a0de\u00a0talco\u00a0&#8220;Don Ernesto&#8221; que se ubica en\u00a0Uspallata,\u00a0en Las Heras y que este 22 de abril se realizar\u00e1 la audiencia p\u00fablica, como uno de los pasos para obtener la Declaraci\u00f3n de Impacto Ambiental. El&nbsp;proyecto&nbsp;de la mina &#8220;Don Ernesto&#8221;, prev\u00e9 una inversi\u00f3n estimada en 40 millones de pesos. S\u00f3lo en la apertura [&hellip;]<\/p>\n","protected":false},"author":2,"featured_media":12113,"comment_status":"open","ping_status":"open","sticky":false,"template":"","format":"standard","meta":[],"categories":[47],"tags":[],"_links":{"self":[{"href":"https:\/\/pasaenmendoza.com\/index.php?rest_route=\/wp\/v2\/posts\/12112"}],"collection":[{"href":"https:\/\/pasaenmendoza.com\/index.php?rest_route=\/wp\/v2\/posts"}],"about":[{"href":"https:\/\/pasaenmendoza.com\/index.php?rest_route=\/wp\/v2\/types\/post"}],"author":[{"embeddable":true,"href":"https:\/\/pasaenmendoza.com\/index.php?rest_route=\/wp\/v2\/users\/2"}],"replies":[{"embeddable":true,"href":"https:\/\/pasaenmendoza.com\/index.php?rest_route=%2Fwp%2Fv2%2Fcomments&post=12112"}],"version-history":[{"count":1,"href":"https:\/\/pasaenmendoza.com\/index.php?rest_route=\/wp\/v2\/posts\/12112\/revisions"}],"predecessor-version":[{"id":12114,"href":"https:\/\/pasaenmendoza.com\/index.php?rest_route=\/wp\/v2\/posts\/12112\/revisions\/12114"}],"wp:featuredmedia":[{"embeddable":true,"href":"https:\/\/pasaenmendoza.com\/index.php?rest_route=\/wp\/v2\/media\/12113"}],"wp:attachment":[{"href":"https:\/\/pasaenmendoza.com\/index.php?rest_route=%2Fwp%2Fv2%2Fmedia&parent=12112"}],"wp:term":[{"taxonomy":"category","embeddable":true,"href":"https:\/\/pasaenmendoza.com\/index.php?rest_route=%2Fwp%2Fv2%2Fcategories&post=12112"},{"taxonomy":"post_tag","embeddable":true,"href":"https:\/\/pasaenmendoza.com\/index.php?rest_route=%2Fwp%2Fv2%2Ftags&post=12112"}],"curies":[{"name":"wp","href":"https:\/\/api.w.org\/{rel}","templated":true}]}}