{"id":12115,"date":"2025-03-20T12:43:10","date_gmt":"2025-03-20T11:43:10","guid":{"rendered":"https:\/\/pasaenmendoza.com\/?p=12115"},"modified":"2025-03-20T12:43:10","modified_gmt":"2025-03-20T11:43:10","slug":"el-tiempo-en-mendoza-para-este-jueves-vuelven-las-alertas-por-tormenta-y-granizo","status":"publish","type":"post","link":"https:\/\/pasaenmendoza.com\/?p=12115","title":{"rendered":"El tiempo en Mendoza para este jueves: vuelven las alertas por tormenta y granizo"},"content":{"rendered":"\n<p>La<strong>&nbsp;temperatura m\u00e1xima para este jueves alcanzar\u00e1 los 31 grados cent\u00edgrados<\/strong>, mientras que&nbsp;<strong>la m\u00ednima estar\u00e1 en los 19 grados cent\u00edgrados.<\/strong><\/p>\n\n\n\n<p>El pron\u00f3sticos de la Direcci\u00f3n de Contingencias Clim\u00e1ticas adelant\u00f3 que estar\u00e1 \u201c<em>parcialmente nublado con descenso de la temperatura y tormentas aisladas, vientos moderados del noreste<\/em>\u201c.<\/p>\n\n\n\n<p>Para los que crucen o vuelvan desde Chile: \u201c<em>Precipitaciones en alta monta\u00f1a<\/em>\u201c.<\/p>\n\n\n\n<h2 class=\"wp-block-heading\" id=\"h-alerta-amarilla\">Alerta amarilla<\/h2>\n\n\n\n<p>El Servicio Meteorol\u00f3gico Nacional adelant\u00f3&nbsp;<strong>un alerta en nivel amarillo por tormentas para la tarde y la noche del jueves<\/strong>&nbsp;para las siguientes zonas:<\/p>\n\n\n\n<ul>\n<li><strong>Precordillera de Las Heras \u2013 Precordillera de Luj\u00e1n de Cuyo<\/strong><\/li>\n\n\n\n<li><strong>Jun\u00edn \u2013 Rivadavia \u2013 Valles de Luj\u00e1n de Cuyo \u2013 Valles de San Carlos \u2013 Valles de Tunuy\u00e1n \u2013 Valles de Tupungato<\/strong><\/li>\n\n\n\n<li>&nbsp;<strong>General Alvear \u2013 Zona baja de San Rafael<\/strong><\/li>\n<\/ul>\n\n\n\n<p>El alerta en nivel amarillo implica lo siguiente:<\/p>\n\n\n\n<p>\u201c<em>El \u00e1rea ser\u00e1 afectada por\u00a0<strong>tormentas aisladas, algunas localmente fuertes.<\/strong>\u00a0Las mismas podr\u00edan estar acompa\u00f1adas por abundantes lluvias en cortos per\u00edodos, intensa actividad el\u00e9ctrica,\u00a0<strong>ocasional ca\u00edda de granizo<\/strong>\u00a0y r\u00e1fagas superiores a 60 kil\u00f3metros por hora. Se prev\u00e9n valores de precipitaci\u00f3n acumulada entre 20 y 40 mm, que pueden ser superados en forma puntual<\/em>\u201c.<\/p>\n\n\n\n<p><strong>Fuente: www.elsol.com.ar<\/strong><\/p>\n","protected":false},"excerpt":{"rendered":"<p>La&nbsp;temperatura m\u00e1xima para este jueves alcanzar\u00e1 los 31 grados cent\u00edgrados, mientras que&nbsp;la m\u00ednima estar\u00e1 en los 19 grados cent\u00edgrados. El pron\u00f3sticos de la Direcci\u00f3n de Contingencias Clim\u00e1ticas adelant\u00f3 que estar\u00e1 \u201cparcialmente nublado con descenso de la temperatura y tormentas aisladas, vientos moderados del noreste\u201c. Para los que crucen o vuelvan desde Chile: \u201cPrecipitaciones en alta [&hellip;]<\/p>\n","protected":false},"author":2,"featured_media":12116,"comment_status":"open","ping_status":"open","sticky":false,"template":"","format":"standard","meta":[],"categories":[52],"tags":[],"_links":{"self":[{"href":"https:\/\/pasaenmendoza.com\/index.php?rest_route=\/wp\/v2\/posts\/12115"}],"collection":[{"href":"https:\/\/pasaenmendoza.com\/index.php?rest_route=\/wp\/v2\/posts"}],"about":[{"href":"https:\/\/pasaenmendoza.com\/index.php?rest_route=\/wp\/v2\/types\/post"}],"author":[{"embeddable":true,"href":"https:\/\/pasaenmendoza.com\/index.php?rest_route=\/wp\/v2\/users\/2"}],"replies":[{"embeddable":true,"href":"https:\/\/pasaenmendoza.com\/index.php?rest_route=%2Fwp%2Fv2%2Fcomments&post=12115"}],"version-history":[{"count":1,"href":"https:\/\/pasaenmendoza.com\/index.php?rest_route=\/wp\/v2\/posts\/12115\/revisions"}],"predecessor-version":[{"id":12117,"href":"https:\/\/pasaenmendoza.com\/index.php?rest_route=\/wp\/v2\/posts\/12115\/revisions\/12117"}],"wp:featuredmedia":[{"embeddable":true,"href":"https:\/\/pasaenmendoza.com\/index.php?rest_route=\/wp\/v2\/media\/12116"}],"wp:attachment":[{"href":"https:\/\/pasaenmendoza.com\/index.php?rest_route=%2Fwp%2Fv2%2Fmedia&parent=12115"}],"wp:term":[{"taxonomy":"category","embeddable":true,"href":"https:\/\/pasaenmendoza.com\/index.php?rest_route=%2Fwp%2Fv2%2Fcategories&post=12115"},{"taxonomy":"post_tag","embeddable":true,"href":"https:\/\/pasaenmendoza.com\/index.php?rest_route=%2Fwp%2Fv2%2Ftags&post=12115"}],"curies":[{"name":"wp","href":"https:\/\/api.w.org\/{rel}","templated":true}]}}