{"id":12118,"date":"2025-03-20T12:49:33","date_gmt":"2025-03-20T11:49:33","guid":{"rendered":"https:\/\/pasaenmendoza.com\/?p=12118"},"modified":"2025-03-20T12:49:34","modified_gmt":"2025-03-20T11:49:34","slug":"comienza-la-campana-de-vacunacion-antigripal-quienes-pueden-acceder-a-las-dosis-gratuitas-en-mendoza","status":"publish","type":"post","link":"https:\/\/pasaenmendoza.com\/?p=12118","title":{"rendered":"Comienza la campa\u00f1a de vacunaci\u00f3n antigripal: qui\u00e9nes pueden acceder a las dosis gratuitas en Mendoza"},"content":{"rendered":"\n<p>A un d\u00eda de que arranque el Oto\u00f1o en Mendoza, las autoridades sanitarias de la provincia dieron inicio este jueves 20 de marzo a la&nbsp;<strong>campa\u00f1a de vacunaci\u00f3n contra la gripe 2025.<\/strong><\/p>\n\n\n\n<p>De acuerdo con lo informado por las autoridades, el objetivo de la campa\u00f1a es disminuir las complicaciones en grupos de riesgo, evitar hospitalizaciones y bajar la mortalidad por influenza.<\/p>\n\n\n\n<h2 class=\"wp-block-heading\" id=\"h-quienes-pueden-acceder-a-la-vacunacion\">\u00bfQui\u00e9nes pueden acceder a la vacunaci\u00f3n?<\/h2>\n\n\n\n<ul>\n<li>Embarazadas (en cualquier trimestre de gestaci\u00f3n).<\/li>\n\n\n\n<li>Mayores de 65 a\u00f1os.<\/li>\n\n\n\n<li>Ni\u00f1as y ni\u00f1os de 6 a 24 meses.<\/li>\n\n\n\n<li>Pu\u00e9rperas (dentro de los 10 d\u00edas posteriores al parto, sino se vacunaron durante el embarazo).<\/li>\n\n\n\n<li>Pacientes de 2 a 64 a\u00f1os con enfermedades de base.<\/li>\n\n\n\n<li>Personal de Salud.<\/li>\n<\/ul>\n\n\n\n<h2 class=\"wp-block-heading\" id=\"h-a-donde-se-pueden-vacunar\">\u00bfA d\u00f3nde se pueden vacunar?<\/h2>\n\n\n\n<p>Las vacunas se encuentran disponibles en centros de salud, vacunatorios de hospitales p\u00fablicos y el Vacunatorio Central.<\/p>\n\n\n\n<p>Son gratuitas y obligatorias para los grupos mencionados.<\/p>\n\n\n\n<p><strong>Fuente: www.elsol.com.ar<\/strong><\/p>\n","protected":false},"excerpt":{"rendered":"<p>A un d\u00eda de que arranque el Oto\u00f1o en Mendoza, las autoridades sanitarias de la provincia dieron inicio este jueves 20 de marzo a la&nbsp;campa\u00f1a de vacunaci\u00f3n contra la gripe 2025. De acuerdo con lo informado por las autoridades, el objetivo de la campa\u00f1a es disminuir las complicaciones en grupos de riesgo, evitar hospitalizaciones y [&hellip;]<\/p>\n","protected":false},"author":2,"featured_media":12119,"comment_status":"open","ping_status":"open","sticky":false,"template":"","format":"standard","meta":[],"categories":[58],"tags":[],"_links":{"self":[{"href":"https:\/\/pasaenmendoza.com\/index.php?rest_route=\/wp\/v2\/posts\/12118"}],"collection":[{"href":"https:\/\/pasaenmendoza.com\/index.php?rest_route=\/wp\/v2\/posts"}],"about":[{"href":"https:\/\/pasaenmendoza.com\/index.php?rest_route=\/wp\/v2\/types\/post"}],"author":[{"embeddable":true,"href":"https:\/\/pasaenmendoza.com\/index.php?rest_route=\/wp\/v2\/users\/2"}],"replies":[{"embeddable":true,"href":"https:\/\/pasaenmendoza.com\/index.php?rest_route=%2Fwp%2Fv2%2Fcomments&post=12118"}],"version-history":[{"count":1,"href":"https:\/\/pasaenmendoza.com\/index.php?rest_route=\/wp\/v2\/posts\/12118\/revisions"}],"predecessor-version":[{"id":12120,"href":"https:\/\/pasaenmendoza.com\/index.php?rest_route=\/wp\/v2\/posts\/12118\/revisions\/12120"}],"wp:featuredmedia":[{"embeddable":true,"href":"https:\/\/pasaenmendoza.com\/index.php?rest_route=\/wp\/v2\/media\/12119"}],"wp:attachment":[{"href":"https:\/\/pasaenmendoza.com\/index.php?rest_route=%2Fwp%2Fv2%2Fmedia&parent=12118"}],"wp:term":[{"taxonomy":"category","embeddable":true,"href":"https:\/\/pasaenmendoza.com\/index.php?rest_route=%2Fwp%2Fv2%2Fcategories&post=12118"},{"taxonomy":"post_tag","embeddable":true,"href":"https:\/\/pasaenmendoza.com\/index.php?rest_route=%2Fwp%2Fv2%2Ftags&post=12118"}],"curies":[{"name":"wp","href":"https:\/\/api.w.org\/{rel}","templated":true}]}}