{"id":1212,"date":"2023-09-05T15:29:34","date_gmt":"2023-09-05T13:29:34","guid":{"rendered":"https:\/\/pasaenmendoza.com\/?p=1212"},"modified":"2023-09-05T15:29:35","modified_gmt":"2023-09-05T13:29:35","slug":"covid-en-mendoza-tras-un-fuerte-aumento-en-agosto-empiezan-a-bajar-los-casos","status":"publish","type":"post","link":"https:\/\/pasaenmendoza.com\/?p=1212","title":{"rendered":"Covid en Mendoza: tras un fuerte aumento en agosto empiezan a bajar los casos"},"content":{"rendered":"\n<p>Si bien parece que quedaron muy lejos los d\u00edas en los que reinaba en\u00a0 Argentina la cuarentena por el\u00a0<strong>Covid 19<\/strong>,las salidas\u00a0 y atenci\u00f3n en los negocios por\u00a0 terminaci\u00f3n de DNI,\u00a0 las etapas ASPO (Aislamiento Social, Preventivo y Obligatorio) y DISPO (Distanciamiento Social); el virus SARS-Cov-2 sigue circulando y afectando a la poblaci\u00f3n.<\/p>\n\n\n\n<p>En\u00a0<strong>Mendoza<\/strong>, durante la primera quincena de agosto, se registr\u00f3 el pico m\u00e1s alto de positividad en las consultas ambulatorias en las Unidades de\u00a0Monitoreo Ambulatorias (UMAS) de los Hospitales Carrillo, Lencinas, Notti y Lagomaggiore.\u00a0\u00a0<\/p>\n\n\n\n<p>Desde la Direcci\u00f3n de Epidemiolog\u00eda de la provincia informaron\u00a0<strong><em>al Post<\/em><\/strong>\u00a0que en la semana del 14 al 20 de agosto de 2023,\u00a0 el 31% de esas consultas por problemas respiratorios dieron positivo de Covid-19. Asimismo se\u00f1alaron que desde el 21 al 27 de este mes, ese porcentaje baj\u00f3 al 19%.<\/p>\n\n\n\n<p>La titular del \u00e1rea, la doctora\u00a0<strong>Andrea Falaschi<\/strong>,\u00a0destac\u00f3 que &#8220;de los casos internados (140) por Infecci\u00f3n Respiratoria Aguda (IRA) en la \u00faltima semana (del 21 al 27 de agosto 2023) en toda la provincia y que realizaron estudio Covid,\u00a0\u00a0<strong>el 14% fueron positivos\u00a0<\/strong>para SARS-Cov-2&#8243;.\u00a0<\/p>\n\n\n\n<p>&#8220;La poblaci\u00f3n ha perdido la percepci\u00f3n del riesgo de la enfermedad y se vacuna menos. Las dosis est\u00e1n disponibles en los vacunatorios habilitados en los centros asistenciales y centros de vacunaci\u00f3n de vacunas de calendario&#8221;, record\u00f3.<br><\/p>\n\n\n\n<p>Respecto a los hisopados para detectar la presencia del virus, Falaschi dijo que &#8220;se\u00a0 siguen realizando seg\u00fan requerimiento del m\u00e9dico tratante y se vigilan en Unidades de Monitoreo Ambulatorias (Carrillo, Lencinas, Notti y Lagomaggiore)&#8221;.\u00a0\u00a0<\/p>\n\n\n\n<p><strong>Recomendaciones para evitar el contagio<\/strong><\/p>\n\n\n\n<p><em>-Mantener la ventilaci\u00f3n adecuada de los ambientes.<\/em><\/p>\n\n\n\n<p><em>-Lavarse frecuente y adecuadamente las manos manos con agua y jab\u00f3n.<\/em><\/p>\n\n\n\n<p><em>-Cubrir la boca y la nariz al toser o estornudar y lavarse las manos inmediatamente.<\/em><\/p>\n\n\n\n<p><em>-Descartar los pa\u00f1uelos de papel inmediatamente despu\u00e9s de usarlos.\u00a0<\/em><\/p>\n\n\n\n<p><em>-No compartir art\u00edculos personales como vasos, cubiertos y utensilios.<\/em><\/p>\n\n\n\n<p><em>-Las personas enfermas deber\u00e1n permanecer en su casa y evitar actividades laborales, educativas o la concurrencia a lugares p\u00fablicos hasta que hayan transcurrido al menos 24hs de la desaparici\u00f3n de la fiebre.\u00a0<\/em><\/p>\n\n\n\n<p><br><strong>Vacunaci\u00f3n<\/strong><\/p>\n\n\n\n<p><strong>Esquema Primario<\/strong><\/p>\n\n\n\n<p>Es importante recordar que cuando se habla de esquema primario, se hace referencia a\u00a01\u00b0 y 2\u00b0 dosis o bien esquema de \u00fanica dosis (UD) en el caso de Sputnik Light.\u00a0<\/p>\n\n\n\n<p><strong>Definici\u00f3n de Dosis adicional<\/strong><\/p>\n\n\n\n<p>Se trata de la administraci\u00f3n de una tercera dosis como parte del esquema primario, cuando la respuesta inmune inicial es probablemente insuficiente, es decir el esquema primario ser\u00e1 de 3 dosis en vez de 2.\u00a0<\/p>\n\n\n\n<p>El intervalo m\u00ednimo para la aplicaci\u00f3n de la dosis adicional es de 4 semanas desde la aplicaci\u00f3n de la segunda dosis.\u00a0<\/p>\n\n\n\n<p><strong>Grupos que deben recibir dosis adicional:\u00a0<\/strong><\/p>\n\n\n\n<p>\u2022 Pacientes inmunosuprimidos\u00a0<\/p>\n\n\n\n<p>\u2022 Personas de 50 a\u00f1os y m\u00e1s que hayan recibido como esquema primario (1\u00b0 y 2\u00b0 dosis) Sinopharm\u00a0<\/p>\n\n\n\n<p><strong>Dosis de refuerzo Importante:<\/strong><\/p>\n\n\n\n<p>\u2022 Ya no se cuentan los refuerzos recibidos.<\/p>\n\n\n\n<p>\u2022 La periodicidad de aplicaci\u00f3n ser\u00e1 de acuerdo al grupo al que cada persona pertenece, como se detalla en la p\u00e1gina siguiente.\u00a0<\/p>\n\n\n\n<p>\u2022 Como dosis de refuerzo podr\u00e1n utilizarse cualquiera de las vacunas disponibles, excepto Sinopharm.\u00a0<\/p>\n\n\n\n<p>\u2022 Si bien el intervalo entre esquema primario y refuerzo es de 6 meses, a los fines de no perder oportunidades para vacunar debemos recordar que el intervalo m\u00ednimo entre esquema primario y refuerzo, as\u00ed como entre refuerzos es de 4 meses.\u00a0\u00a0<\/p>\n\n\n\n<p><strong>Fuente: www.mendozapost.com.ar<\/strong><\/p>\n","protected":false},"excerpt":{"rendered":"<p>Si bien parece que quedaron muy lejos los d\u00edas en los que reinaba en\u00a0 Argentina la cuarentena por el\u00a0Covid 19,las salidas\u00a0 y atenci\u00f3n en los negocios por\u00a0 terminaci\u00f3n de DNI,\u00a0 las etapas ASPO (Aislamiento Social, Preventivo y Obligatorio) y DISPO (Distanciamiento Social); el virus SARS-Cov-2 sigue circulando y afectando a la poblaci\u00f3n. En\u00a0Mendoza, durante la [&hellip;]<\/p>\n","protected":false},"author":2,"featured_media":1216,"comment_status":"open","ping_status":"open","sticky":false,"template":"","format":"standard","meta":[],"categories":[50],"tags":[],"_links":{"self":[{"href":"https:\/\/pasaenmendoza.com\/index.php?rest_route=\/wp\/v2\/posts\/1212"}],"collection":[{"href":"https:\/\/pasaenmendoza.com\/index.php?rest_route=\/wp\/v2\/posts"}],"about":[{"href":"https:\/\/pasaenmendoza.com\/index.php?rest_route=\/wp\/v2\/types\/post"}],"author":[{"embeddable":true,"href":"https:\/\/pasaenmendoza.com\/index.php?rest_route=\/wp\/v2\/users\/2"}],"replies":[{"embeddable":true,"href":"https:\/\/pasaenmendoza.com\/index.php?rest_route=%2Fwp%2Fv2%2Fcomments&post=1212"}],"version-history":[{"count":1,"href":"https:\/\/pasaenmendoza.com\/index.php?rest_route=\/wp\/v2\/posts\/1212\/revisions"}],"predecessor-version":[{"id":1217,"href":"https:\/\/pasaenmendoza.com\/index.php?rest_route=\/wp\/v2\/posts\/1212\/revisions\/1217"}],"wp:featuredmedia":[{"embeddable":true,"href":"https:\/\/pasaenmendoza.com\/index.php?rest_route=\/wp\/v2\/media\/1216"}],"wp:attachment":[{"href":"https:\/\/pasaenmendoza.com\/index.php?rest_route=%2Fwp%2Fv2%2Fmedia&parent=1212"}],"wp:term":[{"taxonomy":"category","embeddable":true,"href":"https:\/\/pasaenmendoza.com\/index.php?rest_route=%2Fwp%2Fv2%2Fcategories&post=1212"},{"taxonomy":"post_tag","embeddable":true,"href":"https:\/\/pasaenmendoza.com\/index.php?rest_route=%2Fwp%2Fv2%2Ftags&post=1212"}],"curies":[{"name":"wp","href":"https:\/\/api.w.org\/{rel}","templated":true}]}}