{"id":12121,"date":"2025-03-20T15:03:41","date_gmt":"2025-03-20T14:03:41","guid":{"rendered":"https:\/\/pasaenmendoza.com\/?p=12121"},"modified":"2025-03-20T15:03:42","modified_gmt":"2025-03-20T14:03:42","slug":"un-hombre-con-varios-antecedentes-fue-apunalado-en-godoy-cruz","status":"publish","type":"post","link":"https:\/\/pasaenmendoza.com\/?p=12121","title":{"rendered":"Un hombre, con varios antecedentes, fue apu\u00f1alado en Godoy Cruz"},"content":{"rendered":"\n<p>Durante la noche de este mi\u00e9rcoles, un\u00a0<strong>hombre de 34 a\u00f1os fue apu\u00f1alado\u00a0<\/strong>en el departamento de\u00a0<strong>Godoy Cruz<\/strong>. Todo comenz\u00f3 cuando el personal de la guardia del\u00a0<strong>Hospital Espa\u00f1ol\u00a0<\/strong>recibi\u00f3 a este hombre, quien lleg\u00f3 con heridas visibles en el t\u00f3rax y la espalda.<\/p>\n\n\n\n<p>\u00a0Al llegar al hospital, la v\u00edctima inform\u00f3 que hab\u00eda sido atacado por un grupo de personas, aunque a\u00fan se desconocen los motivos detr\u00e1s del ataque.\u00a0<\/p>\n\n\n\n<p>A pesar de las lesiones, se encuentra estable y fue trasladado al\u00a0<strong>Hospital Central<\/strong>\u00a0para un mejor tratamiento.<\/p>\n\n\n\n<p>Las autoridades ya est\u00e1n investigando lo ocurrido.&nbsp; La Oficina Fiscal &#8220;Capital-Godoy Cruz&#8221; se ha hecho cargo del caso para averiguar m\u00e1s sobre el incidente y dar con los responsables.<\/p>\n\n\n\n<p>Cabe destacar que el hombre de 34 a\u00f1os tiene un historial delictivo que incluye coacciones agravadas por el uso de arma de fuego en 2021, lesiones leves dolosas en 2020 y amenazas simples en 2017, entre otros antecedentes.\u00a0<\/p>\n\n\n\n<p><strong>Fuente: www.mendozapost.com<\/strong><\/p>\n","protected":false},"excerpt":{"rendered":"<p>Durante la noche de este mi\u00e9rcoles, un\u00a0hombre de 34 a\u00f1os fue apu\u00f1alado\u00a0en el departamento de\u00a0Godoy Cruz. Todo comenz\u00f3 cuando el personal de la guardia del\u00a0Hospital Espa\u00f1ol\u00a0recibi\u00f3 a este hombre, quien lleg\u00f3 con heridas visibles en el t\u00f3rax y la espalda. \u00a0Al llegar al hospital, la v\u00edctima inform\u00f3 que hab\u00eda sido atacado por un grupo de [&hellip;]<\/p>\n","protected":false},"author":2,"featured_media":12122,"comment_status":"open","ping_status":"open","sticky":false,"template":"","format":"standard","meta":[],"categories":[48],"tags":[],"_links":{"self":[{"href":"https:\/\/pasaenmendoza.com\/index.php?rest_route=\/wp\/v2\/posts\/12121"}],"collection":[{"href":"https:\/\/pasaenmendoza.com\/index.php?rest_route=\/wp\/v2\/posts"}],"about":[{"href":"https:\/\/pasaenmendoza.com\/index.php?rest_route=\/wp\/v2\/types\/post"}],"author":[{"embeddable":true,"href":"https:\/\/pasaenmendoza.com\/index.php?rest_route=\/wp\/v2\/users\/2"}],"replies":[{"embeddable":true,"href":"https:\/\/pasaenmendoza.com\/index.php?rest_route=%2Fwp%2Fv2%2Fcomments&post=12121"}],"version-history":[{"count":1,"href":"https:\/\/pasaenmendoza.com\/index.php?rest_route=\/wp\/v2\/posts\/12121\/revisions"}],"predecessor-version":[{"id":12123,"href":"https:\/\/pasaenmendoza.com\/index.php?rest_route=\/wp\/v2\/posts\/12121\/revisions\/12123"}],"wp:featuredmedia":[{"embeddable":true,"href":"https:\/\/pasaenmendoza.com\/index.php?rest_route=\/wp\/v2\/media\/12122"}],"wp:attachment":[{"href":"https:\/\/pasaenmendoza.com\/index.php?rest_route=%2Fwp%2Fv2%2Fmedia&parent=12121"}],"wp:term":[{"taxonomy":"category","embeddable":true,"href":"https:\/\/pasaenmendoza.com\/index.php?rest_route=%2Fwp%2Fv2%2Fcategories&post=12121"},{"taxonomy":"post_tag","embeddable":true,"href":"https:\/\/pasaenmendoza.com\/index.php?rest_route=%2Fwp%2Fv2%2Ftags&post=12121"}],"curies":[{"name":"wp","href":"https:\/\/api.w.org\/{rel}","templated":true}]}}