{"id":12125,"date":"2025-03-20T21:25:49","date_gmt":"2025-03-20T20:25:49","guid":{"rendered":"https:\/\/pasaenmendoza.com\/?p=12125"},"modified":"2025-03-20T21:25:50","modified_gmt":"2025-03-20T20:25:50","slug":"el-pj-tambien-presiona-por-una-baja-dei-impuesto-automotor-que-solucion-propone","status":"publish","type":"post","link":"https:\/\/pasaenmendoza.com\/?p=12125","title":{"rendered":"El PJ tambi\u00e9n presiona por una baja deI Impuesto Automotor: qu\u00e9 soluci\u00f3n propone"},"content":{"rendered":"\n<p>La oposici\u00f3n en su conjunto se uni\u00f3 con el objetivo de presionar con m\u00e1s fuerza al Gobierno Provincial, con el objetivo de torcer el brazo y modificar los c\u00e1lculos del<strong>\u00a0Impuesto Automotor<\/strong>, que tendr\u00e1 el vencimiento anual y de la primera cuota este 31 de marzo.\u00a0<\/p>\n\n\n\n<p>En un primer momento fue La Uni\u00f3n Mendocina (LUM), y ahora se sum\u00f3 el\u00a0<strong>Partido Justicialista (PJ)\u00a0<\/strong>al igual que el Partido Verde (PV). Desde el espacio peronista presentaron esta semana un proyecto de ley, con el que buscar\u00e1n &#8220;torcerle el brazo&#8221; al Ejecutivo.\u00a0<\/p>\n\n\n\n<p>Seg\u00fan todos estos sectores pol\u00edticos, los propietarios de veh\u00edculos registrados en Mendoza no solamente deber\u00e1n pagar un 151% promedio de incremento que se dispuso en la Ley Impositiva del 2025; sino que tambi\u00e9n se deber\u00e1 sumar en un promedio del 40% extra, ya que el Gobierno decidi\u00f3 calcular los valores de los veh\u00edculos a trav\u00e9s de la Asociacion de Concesionarios de Automotores de la Rep\u00fablica Argentina (Acara) y no de la&nbsp;Direcci\u00f3n Nacional de Registro del Automotor y Cr\u00e9ditos Prendarios (Dnrpa), que era como se calculaba anteriormente.&nbsp;<\/p>\n\n\n\n<h2 class=\"wp-block-heading\">Defensa del Gobierno<\/h2>\n\n\n\n<p>El cambio de registro impulsado por el Gobierno, responde a que los\u00a0datos de la Dnrpa &#8220;est\u00e1n desfasados&#8221;, seg\u00fan coment\u00f3 el ministro de Hacienda, V\u00edctor Fayad.\u00a0<\/p>\n\n\n\n<p>En este sentido, indic\u00f3 que no es la idea del Gobierno&nbsp;retrotraer los valores de las boletas a los c\u00e1lculos de la Dnrpa, ya que adem\u00e1s de la falta de actualizaci\u00f3n, indic\u00f3 que hay varios modelos cero kil\u00f3metro que no aparecen en los registros.&nbsp;&nbsp;<\/p>\n\n\n\n<p>&#8220;Nosotros no especulamos con la base de valores, buscamos la que m\u00e1s actualizada estaba, y es la de Acara, porque la de la Dnra tiene precios que no est\u00e1n actualizados desde mediados de 2024&#8221;, se\u00f1al\u00f3 el titular de&nbsp;Hacienda.&nbsp;<\/p>\n\n\n\n<h2 class=\"wp-block-heading\">El proyecto peronista<\/h2>\n\n\n\n<p>La iniciativa del PJ, que ingres\u00f3 por el Senado, pretende una &#8220;reliquidaci\u00f3n&#8221; del Impuesto Automotor, pero tambi\u00e9n propuso una &#8220;soluci\u00f3n&#8221; para aquellos casos de los modelos que no tengan valores en la Dnrpa.<\/p>\n\n\n\n<p>En el articulado propuesto, modifica\u00a0el pen\u00faltimo p\u00e1rrafo del art\u00edculo 9 de la Ley\u00a09597, la cual indica que la Administraci\u00f3n Tributaria Mendoza (ATM) deber\u00e1 tomar los valores de la Dnrpa para el c\u00e1lculo del Impuesto Automotor.\u00a0<\/p>\n\n\n\n<p>No obstante, &#8220;en los casos que no exista informaci\u00f3n fehaciente por parte de la Dnrpa al momento de la emisi\u00f3n del impuesto masivo, la ATM tendr\u00e1 en cuenta la publicaci\u00f3n realizada por Acara&nbsp;u otros organismos oficiales, tomando como tope de valuaci\u00f3n el \u00faltimo informe de Dnrpa m\u00e1s el \u00edndice de inflaci\u00f3n desde esa fecha hasta la emisi\u00f3n del impuesto\u201d.<\/p>\n\n\n\n<p>Por otro lado, el art\u00edculo 2 marca que la ATM &#8220;proceder\u00e1 a la reliquidaci\u00f3n del impuesto automotor, en plazo de 15 d\u00edas seg\u00fan lo dispuesto en el art. 1 de la presente y proceder\u00e1 a la devoluci\u00f3n de los importes que hubiesen quedado a favor de los contribuyentes, de corresponder&#8221;.<\/p>\n\n\n\n<p>&#8220;Es de p\u00fablico conocimiento los valores exorbitantes que han llegado a los mendocinos para el pago del impuesto en cuesti\u00f3n, obedeciendo los mismos a las valuaciones tomadas por ATM para el c\u00e1lculo del impuesto. El gobierno provincial ha hecho uso indebido y una interpretaci\u00f3n forzada de art. 9 de la Ley 9597, por lo que ha provocado que el impuesto se dispare a 180% en algunos casos&#8221;, expresaron en los considerandos del proyecto.<\/p>\n\n\n\n<p>De esta forma, recordaron que en el debate de la ley Impositiva &#8220;dijimos que acompa\u00f1\u00e1bamos la ley siempre y cuando los valores se ajustaran a las simulaciones que nos acompa\u00f1\u00f3 el Poder Ejecutivo, no cumpliendo, una vez m\u00e1s, en lo m\u00e1s m\u00ednimo el compromiso asumido, y pero a\u00fan forzando la interpretaci\u00f3n de la ley, lo que llevo a incumplir la misma&#8221;.<\/p>\n\n\n\n<p>Quien se sum\u00f3 a las quejas fue Emanuel Fugazzotto, del PV:\u00a0\u201cEs fundamental que el Ejecutivo brinde informaci\u00f3n clara sobre los criterios utilizados para estos aumentos y sobre c\u00f3mo se est\u00e1 llevando a cabo la resoluci\u00f3n de los reclamos presentados por los ciudadanos. Las familias mendocinas necesitan saber c\u00f3mo se calculan estos impuestos y qu\u00e9 medidas se est\u00e1n tomando para corregir los errores\u201d, afirm\u00f3 Fugazzotto.<\/p>\n\n\n\n<p><strong>Fuente: www.mdzol.com<\/strong><\/p>\n","protected":false},"excerpt":{"rendered":"<p>La oposici\u00f3n en su conjunto se uni\u00f3 con el objetivo de presionar con m\u00e1s fuerza al Gobierno Provincial, con el objetivo de torcer el brazo y modificar los c\u00e1lculos del\u00a0Impuesto Automotor, que tendr\u00e1 el vencimiento anual y de la primera cuota este 31 de marzo.\u00a0 En un primer momento fue La Uni\u00f3n Mendocina (LUM), y [&hellip;]<\/p>\n","protected":false},"author":2,"featured_media":12126,"comment_status":"open","ping_status":"open","sticky":false,"template":"","format":"standard","meta":[],"categories":[47],"tags":[],"_links":{"self":[{"href":"https:\/\/pasaenmendoza.com\/index.php?rest_route=\/wp\/v2\/posts\/12125"}],"collection":[{"href":"https:\/\/pasaenmendoza.com\/index.php?rest_route=\/wp\/v2\/posts"}],"about":[{"href":"https:\/\/pasaenmendoza.com\/index.php?rest_route=\/wp\/v2\/types\/post"}],"author":[{"embeddable":true,"href":"https:\/\/pasaenmendoza.com\/index.php?rest_route=\/wp\/v2\/users\/2"}],"replies":[{"embeddable":true,"href":"https:\/\/pasaenmendoza.com\/index.php?rest_route=%2Fwp%2Fv2%2Fcomments&post=12125"}],"version-history":[{"count":1,"href":"https:\/\/pasaenmendoza.com\/index.php?rest_route=\/wp\/v2\/posts\/12125\/revisions"}],"predecessor-version":[{"id":12127,"href":"https:\/\/pasaenmendoza.com\/index.php?rest_route=\/wp\/v2\/posts\/12125\/revisions\/12127"}],"wp:featuredmedia":[{"embeddable":true,"href":"https:\/\/pasaenmendoza.com\/index.php?rest_route=\/wp\/v2\/media\/12126"}],"wp:attachment":[{"href":"https:\/\/pasaenmendoza.com\/index.php?rest_route=%2Fwp%2Fv2%2Fmedia&parent=12125"}],"wp:term":[{"taxonomy":"category","embeddable":true,"href":"https:\/\/pasaenmendoza.com\/index.php?rest_route=%2Fwp%2Fv2%2Fcategories&post=12125"},{"taxonomy":"post_tag","embeddable":true,"href":"https:\/\/pasaenmendoza.com\/index.php?rest_route=%2Fwp%2Fv2%2Ftags&post=12125"}],"curies":[{"name":"wp","href":"https:\/\/api.w.org\/{rel}","templated":true}]}}