{"id":12131,"date":"2025-03-20T21:36:35","date_gmt":"2025-03-20T20:36:35","guid":{"rendered":"https:\/\/pasaenmendoza.com\/?p=12131"},"modified":"2025-03-20T21:36:36","modified_gmt":"2025-03-20T20:36:36","slug":"jimena-latorre-confirmo-la-vuelta-del-argentina-mining-a-la-provincia-cumbre-premium-del-sector-minero","status":"publish","type":"post","link":"https:\/\/pasaenmendoza.com\/?p=12131","title":{"rendered":"Jimena Latorre confirm\u00f3 la vuelta del Argentina Mining a la provincia, cumbre premium del sector minero"},"content":{"rendered":"\n<p>Mendoza vuelve a ser sede de\u00a0<strong>Argentina Mining<\/strong>. La ministra Jimena Latorre y el intendente Ulpiano Suarez firmaron un convenio para sumarse a la organizaci\u00f3n del evento de miner\u00eda que convoca a la \u00e9lite del sector a nivel nacional e internacional.<\/p>\n\n\n\n<p>Miles de profesionales, inversores, empresarios y expertos del pa\u00eds y el mundo se dar\u00e1n cita en&nbsp;<strong>Mendoza&nbsp;<\/strong>del 27 al 31 de octubre de este a\u00f1o, lo que pone a la provincia en el foco de la industria, analizaron desde el Gobierno local.<\/p>\n\n\n\n<p>\u201cAdem\u00e1s de mostrar un cambio de paradigma y un inter\u00e9s creciente por Mendoza, este foro de\u00a0<strong>miner\u00eda\u00a0<\/strong>abre oportunidades a prestadores de servicios, estudiantes, pymes e inversores\u201d, expres\u00f3 Jimena Latorre.<\/p>\n\n\n\n<h2 class=\"wp-block-heading\">Cumbre de miner\u00eda en la Nave Cultural<\/h2>\n\n\n\n<p>\u201cEs un cambio de \u00e9poca para Mendoza, que se est\u00e1 consolidando como referente del sector\u201d, afirm\u00f3 la ministra,&nbsp;<strong>Jimena Latorre<\/strong>.<\/p>\n\n\n\n<p>El Ministerio de Energ\u00eda y Ambiente y la Municipalidad de la Ciudad de Mendoza ser\u00e1n anfitriones y colaborar\u00e1n en la organizaci\u00f3n de&nbsp;<strong>Argentina Mining 2025<\/strong>, el principal encuentro internacional de miner\u00eda del pa\u00eds.<\/p>\n\n\n\n<p>Javier Rojas, director de&nbsp;<strong>Argentina Mining<\/strong>, pas\u00f3 por Mendoza para comenzar con los preparativos de la cumbre que promete reunir a unas 4.000 personas relacionadas con el&nbsp;<strong>sector minero<\/strong>.<\/p>\n\n\n\n<p>El encuentro internacional&nbsp;<strong>minero&nbsp;<\/strong>tambi\u00e9n tendr\u00e1 espacios educativos y gratuitos, con participaci\u00f3n de estudiantes secundarios y universitarios.<\/p>\n\n\n\n<p>\u201cLa realizaci\u00f3n de&nbsp;<strong>Argentina Mining&nbsp;<\/strong>ratifica nuestro compromiso desde la Ciudad de Mendoza con una&nbsp;<strong>miner\u00eda&nbsp;<\/strong>sustentable y con la generaci\u00f3n de empleo, desarrollo y crecimiento. Este encuentro acerca a los referentes del sector, permite conocer proyectos, productos y servicios y es clave para consolidar la licencia social que Mendoza necesita para avanzar. Adem\u00e1s, posiciona a la Ciudad como destino para grandes eventos, potenciando el turismo, la gastronom\u00eda y el vino\u201d, dijo por su parte Ulpiano Su\u00e1rez.<\/p>\n\n\n\n<p>\u201cPara nosotros es muy importante que\u00a0vuelva a Mendoza\u201d, afirm\u00f3 Javier Rojas, presidente de\u00a0<strong>Argentina Mining<\/strong>. \u201cCreemos que Mendoza es la \u00faltima frontera de la miner\u00eda argentina y por eso impulsamos este evento aqu\u00ed, para acompa\u00f1ar el crecimiento del sector\u201d.<\/p>\n\n\n\n<p>Rojas explic\u00f3 que esta edici\u00f3n \u201cestar\u00e1 enfocada en dos ejes principales: un programa de conferencias t\u00e9cnicas de tres d\u00edas y una exhibici\u00f3n comercial donde proveedores locales e internacionales podr\u00e1n mostrar sus productos, maquinaria y servicios t\u00e9cnicos, geol\u00f3gicos e inform\u00e1ticos, generando conexiones con una&nbsp;<strong>industria&nbsp;<\/strong>que crece d\u00eda a d\u00eda en Mendoza y en la regi\u00f3n\u201d.<\/p>\n\n\n\n<h2 class=\"wp-block-heading\">Argentina Mining eligi\u00f3 a Mendoza<\/h2>\n\n\n\n<p><strong>Argentina Mining<\/strong>&nbsp;comenz\u00f3 en 1996. Cada a\u00f1o, en diversas cumbres, re\u00fane a empresas, profesionales, prestadores de servicios y expertos del sector y se ha consolidado como un espacio clave para establecer contactos de negocios, conocer las \u00faltimas pol\u00edticas y normativas y actualizarse sobre la evoluci\u00f3n de las \u00faltimas tecnolog\u00edas para la sostenibilidad.<\/p>\n\n\n\n<p>Seg\u00fan la organizaci\u00f3n, la elecci\u00f3n de Mendoza para el evento de\u00a0<strong>miner\u00eda\u00a0<\/strong>a desarrollarse en octubre de 2025 se dio porque \u201cse ubica en un corredor log\u00edstico estrat\u00e9gico entre Santiago de Chile y Buenos Aires, cuenta con sistemas de p\u00f3rfidos de Cu-Au de alta ley, una comunidad de proveedores en expansi\u00f3n y una incipiente ola exploratoria potenciada por el recientemente habilitado\u00a0<strong>Malarg\u00fce Distrito Minero Occidental (MDMO)<\/strong>, con m\u00e1s de 30 proyectos activos\u201d.<\/p>\n\n\n\n<p><strong>Fuente: www.diariouno.com.ar<\/strong><\/p>\n","protected":false},"excerpt":{"rendered":"<p>Mendoza vuelve a ser sede de\u00a0Argentina Mining. La ministra Jimena Latorre y el intendente Ulpiano Suarez firmaron un convenio para sumarse a la organizaci\u00f3n del evento de miner\u00eda que convoca a la \u00e9lite del sector a nivel nacional e internacional. Miles de profesionales, inversores, empresarios y expertos del pa\u00eds y el mundo se dar\u00e1n cita [&hellip;]<\/p>\n","protected":false},"author":2,"featured_media":12132,"comment_status":"open","ping_status":"open","sticky":false,"template":"","format":"standard","meta":[],"categories":[116],"tags":[],"_links":{"self":[{"href":"https:\/\/pasaenmendoza.com\/index.php?rest_route=\/wp\/v2\/posts\/12131"}],"collection":[{"href":"https:\/\/pasaenmendoza.com\/index.php?rest_route=\/wp\/v2\/posts"}],"about":[{"href":"https:\/\/pasaenmendoza.com\/index.php?rest_route=\/wp\/v2\/types\/post"}],"author":[{"embeddable":true,"href":"https:\/\/pasaenmendoza.com\/index.php?rest_route=\/wp\/v2\/users\/2"}],"replies":[{"embeddable":true,"href":"https:\/\/pasaenmendoza.com\/index.php?rest_route=%2Fwp%2Fv2%2Fcomments&post=12131"}],"version-history":[{"count":1,"href":"https:\/\/pasaenmendoza.com\/index.php?rest_route=\/wp\/v2\/posts\/12131\/revisions"}],"predecessor-version":[{"id":12133,"href":"https:\/\/pasaenmendoza.com\/index.php?rest_route=\/wp\/v2\/posts\/12131\/revisions\/12133"}],"wp:featuredmedia":[{"embeddable":true,"href":"https:\/\/pasaenmendoza.com\/index.php?rest_route=\/wp\/v2\/media\/12132"}],"wp:attachment":[{"href":"https:\/\/pasaenmendoza.com\/index.php?rest_route=%2Fwp%2Fv2%2Fmedia&parent=12131"}],"wp:term":[{"taxonomy":"category","embeddable":true,"href":"https:\/\/pasaenmendoza.com\/index.php?rest_route=%2Fwp%2Fv2%2Fcategories&post=12131"},{"taxonomy":"post_tag","embeddable":true,"href":"https:\/\/pasaenmendoza.com\/index.php?rest_route=%2Fwp%2Fv2%2Ftags&post=12131"}],"curies":[{"name":"wp","href":"https:\/\/api.w.org\/{rel}","templated":true}]}}