{"id":12134,"date":"2025-03-20T21:42:50","date_gmt":"2025-03-20T20:42:50","guid":{"rendered":"https:\/\/pasaenmendoza.com\/?p=12134"},"modified":"2025-03-20T21:42:51","modified_gmt":"2025-03-20T20:42:51","slug":"el-ultimo-adios-del-artista-mendocino-julio-le-parc-al-amor-de-su-vida","status":"publish","type":"post","link":"https:\/\/pasaenmendoza.com\/?p=12134","title":{"rendered":"El \u00faltimo adi\u00f3s del artista mendocino Julio Le Parc al amor de su vida"},"content":{"rendered":"\n<p><strong>Julio Le Parc<\/strong>, el\u00a0<strong>artista\u00a0<\/strong>de mayor consagraci\u00f3n internacional que haya dado Mendoza, est\u00e1 atravesando un dif\u00edcil momento personal que lo reflej\u00f3 en sus redes. &#8220;Adi\u00f3s al amor de mi vida&#8221;, escribi\u00f3 al despedir a\u00a0<strong>Martha Le Parc<\/strong>, quien fuera su esposa y falleciera el mi\u00e9rcoles a los 88 a\u00f1os. Fue la madre de sus tres hijos.<\/p>\n\n\n\n<p>Tambi\u00e9n\u00a0<strong>artista<\/strong>, Martha era argentina y se hab\u00eda radicado en\u00a0<strong>Francia\u00a0<\/strong>a fines de los a\u00f1os &#8217;50. All\u00ed lleg\u00f3 casada con\u00a0<strong>Julio Le Parc<\/strong>, nacido en Palmira (San Mart\u00edn) hace 96 a\u00f1os y exponente del arte cin\u00e9tico en el mundo.<\/p>\n\n\n\n<p>&#8220;Adi\u00f3s al amor de mi vida, mi mujer, mi musa, la madre de mis tres hijos y la gran artista que eres&#8221;, declar\u00f3 el mendocino en su cuenta en Instagram, horas despu\u00e9s de conocerse la noticia del deceso de&nbsp;<strong>Martha Le Parc<\/strong>.<\/p>\n\n\n\n<p>Con un sentido pesar y abriendo su coraz\u00f3n a las emociones que lo atraviesan,\u00a0<strong>Julio Le Parc<\/strong>\u00a0complet\u00f3: &#8220;Siempre presente en mi vida hasta el final, gracias por estar ah\u00ed en los mejores y m\u00e1s dif\u00edciles momentos de nuestras vidas&#8221;.<\/p>\n\n\n\n<p>Ambos afincados en Par\u00eds,&nbsp;<strong>Francia<\/strong>, Julio y Martha formaron una familia con sus tres hijos Juan, Gabriel y Yamil, y sus 5 nietos Luna, Mateo, Salvador, Alma e Iman.<\/p>\n\n\n\n<h2 class=\"wp-block-heading\">Qui\u00e9n era la esposa de Julio Le Parc<\/h2>\n\n\n\n<p>Los medios internacionales dan cuenta de que los&nbsp;<strong>artistas<\/strong>, que llevaban unas 2 d\u00e9cadas separados, compart\u00edan el mismo edificio a las afueras de la capital francesa. Y hasta estuvieron internados juntos las \u00faltimas semanas debido a un virus gripal que los aquejada.<\/p>\n\n\n\n<p><strong>Martha Le Parc<\/strong>&nbsp;no pudo superar la enfermedad y falleci\u00f3 este mi\u00e9rcoles en el hospital, rodeada por su familia. Ten\u00eda 88 a\u00f1os.<\/p>\n\n\n\n<p>Yamil, el hijo cantante del matrimonio\u00a0<strong>Le Parc<\/strong>, confirm\u00f3 la muerte de su madre y presumi\u00f3 que la infecci\u00f3n pulmonar que tuvieron ambos fue producto de \u201cuna mutaci\u00f3n del Covid\u201d. Y que ella no lo resisti\u00f3 como su padre porque &#8220;era fumadora&#8221;.<\/p>\n\n\n\n<p>Egresada de Escuela Nacional de Bellas Arte de Buenos Aires, la esposa de<strong>\u00a0Julio Le Parc<\/strong>\u00a0desarroll\u00f3 una dilatada carrera en el<strong>\u00a0arte textil<\/strong>. Parte de su admirada obra tuvo gran repercusi\u00f3n en Mendoza, cuando en el 2000 inaugur\u00f3 una muestra individual en el\u00a0<strong>ECA<\/strong>.<\/p>\n\n\n\n<p>Durante las d\u00e9cadas de los &#8217;70 y &#8217;80 fue apadrinada por\u00a0Paco Rabanne\u00a0para realizar un sinn\u00famero de vestuarios para obras teatrales en los m\u00e1s destacados escenarios europeos.<\/p>\n\n\n\n<h2 class=\"wp-block-heading\">La marca de una artista \u00fanica<\/h2>\n\n\n\n<p>Las culturas de los\u00a0<strong>pueblos originarios<\/strong>\u00a0americanos, asi\u00e1ticos y africanos fueron inspiraci\u00f3n para sus creaciones. La \u00faltima muestra que realiz\u00f3 en su pa\u00eds natal fue hace 15 a\u00f1os al exhibir varios de sus collages y tapices en el\u00a0Museo Nacional de Arte Decorativo de Buenos Aires.<\/p>\n\n\n\n<p>Amante de las grandes superficies para plasmar su obra, a&nbsp;<strong>Martha Le Parc<\/strong>&nbsp;le gustaba trabajar con materiales como sat\u00e9n, tafet\u00e1n, terciopelo, cintas de tul de diferentes colores, &#8220;muy variados y superpuestos&#8221;, describ\u00eda en la presentaci\u00f3n de sus exposiciones.<\/p>\n\n\n\n<p>Para el a\u00f1o que viene, el 2026, el Tate Modern brit\u00e1nico tiene planificada una exposici\u00f3n sobre la trayectoria de una\u00a0<strong>artista\u00a0<\/strong>con marca propia.<\/p>\n\n\n\n<p><strong>Fuente: www.diariouno.com.ar<\/strong><\/p>\n","protected":false},"excerpt":{"rendered":"<p>Julio Le Parc, el\u00a0artista\u00a0de mayor consagraci\u00f3n internacional que haya dado Mendoza, est\u00e1 atravesando un dif\u00edcil momento personal que lo reflej\u00f3 en sus redes. &#8220;Adi\u00f3s al amor de mi vida&#8221;, escribi\u00f3 al despedir a\u00a0Martha Le Parc, quien fuera su esposa y falleciera el mi\u00e9rcoles a los 88 a\u00f1os. Fue la madre de sus tres hijos. Tambi\u00e9n\u00a0artista, [&hellip;]<\/p>\n","protected":false},"author":2,"featured_media":12135,"comment_status":"open","ping_status":"open","sticky":false,"template":"","format":"standard","meta":[],"categories":[50],"tags":[],"_links":{"self":[{"href":"https:\/\/pasaenmendoza.com\/index.php?rest_route=\/wp\/v2\/posts\/12134"}],"collection":[{"href":"https:\/\/pasaenmendoza.com\/index.php?rest_route=\/wp\/v2\/posts"}],"about":[{"href":"https:\/\/pasaenmendoza.com\/index.php?rest_route=\/wp\/v2\/types\/post"}],"author":[{"embeddable":true,"href":"https:\/\/pasaenmendoza.com\/index.php?rest_route=\/wp\/v2\/users\/2"}],"replies":[{"embeddable":true,"href":"https:\/\/pasaenmendoza.com\/index.php?rest_route=%2Fwp%2Fv2%2Fcomments&post=12134"}],"version-history":[{"count":1,"href":"https:\/\/pasaenmendoza.com\/index.php?rest_route=\/wp\/v2\/posts\/12134\/revisions"}],"predecessor-version":[{"id":12136,"href":"https:\/\/pasaenmendoza.com\/index.php?rest_route=\/wp\/v2\/posts\/12134\/revisions\/12136"}],"wp:featuredmedia":[{"embeddable":true,"href":"https:\/\/pasaenmendoza.com\/index.php?rest_route=\/wp\/v2\/media\/12135"}],"wp:attachment":[{"href":"https:\/\/pasaenmendoza.com\/index.php?rest_route=%2Fwp%2Fv2%2Fmedia&parent=12134"}],"wp:term":[{"taxonomy":"category","embeddable":true,"href":"https:\/\/pasaenmendoza.com\/index.php?rest_route=%2Fwp%2Fv2%2Fcategories&post=12134"},{"taxonomy":"post_tag","embeddable":true,"href":"https:\/\/pasaenmendoza.com\/index.php?rest_route=%2Fwp%2Fv2%2Ftags&post=12134"}],"curies":[{"name":"wp","href":"https:\/\/api.w.org\/{rel}","templated":true}]}}