{"id":12137,"date":"2025-03-20T22:24:35","date_gmt":"2025-03-20T21:24:35","guid":{"rendered":"https:\/\/pasaenmendoza.com\/?p=12137"},"modified":"2025-03-20T22:24:36","modified_gmt":"2025-03-20T21:24:36","slug":"despiste-en-alta-montana-un-auto-cayo-a-un-barranco-en-la-ruta-7","status":"publish","type":"post","link":"https:\/\/pasaenmendoza.com\/?p=12137","title":{"rendered":"Despiste en alta monta\u00f1a: un auto cay\u00f3 a un barranco en la ruta 7"},"content":{"rendered":"\n<p>Un matrimonio protagoniz\u00f3 un accidente en la tarde de este mi\u00e9rcoles en la ruta 7, a la altura del kil\u00f3metro 1114, en plena alta monta\u00f1a.&nbsp;<strong>El veh\u00edculo en el que se trasladaban perdi\u00f3 el control y termin\u00f3 desbarrancando<\/strong>, aunque ambos ocupantes resultaron ilesos.<\/p>\n\n\n\n<p>El siniestro ocurri\u00f3 alrededor de las 16, cuando un Volkswagen Polo gris circulaba en direcci\u00f3n oeste. El conductor, de 46 a\u00f1os, oriundo de Maip\u00fa, viajaba acompa\u00f1ado por una mujer de la misma edad, cuando, por motivos que son motivo de investigaci\u00f3n,\u00a0<strong>perdi\u00f3 el dominio del rodado y se precipit\u00f3 fuera de la calzada.<\/strong><\/p>\n\n\n\n<p>El auto cay\u00f3 varios metros en una zona de dif\u00edcil acceso, lo que oblig\u00f3 a un operativo coordinado entre personal policial, Seguridad Vial y rescatistas. Pese a la magnitud del despiste, los ocupantes lograron salir por sus propios medios y fueron asistidos en el lugar, sin necesidad de traslado m\u00e9dico. S\u00f3lo sufrieron golpes.<\/p>\n\n\n\n<p>Efectivos de la Polic\u00eda Vial trabajaron en la zona para ordenar el tr\u00e1nsito, mientras una gr\u00faa fue requerida para remover el veh\u00edculo siniestrado.\u00a0<strong>Las pericias intentar\u00e1n determinar si el accidente estuvo vinculado a desperfectos mec\u00e1nicos<\/strong>, una maniobra brusca o las condiciones del asfalto en el sector.<\/p>\n\n\n\n<p>Las autoridades recordaron la importancia de circular con precauci\u00f3n en la alta monta\u00f1a, especialmente en tramos de curvas cerradas y pendientes pronunciadas.<\/p>\n\n\n\n<p><strong>Fuente: www.elsol.com.ar<\/strong><\/p>\n","protected":false},"excerpt":{"rendered":"<p>Un matrimonio protagoniz\u00f3 un accidente en la tarde de este mi\u00e9rcoles en la ruta 7, a la altura del kil\u00f3metro 1114, en plena alta monta\u00f1a.&nbsp;El veh\u00edculo en el que se trasladaban perdi\u00f3 el control y termin\u00f3 desbarrancando, aunque ambos ocupantes resultaron ilesos. El siniestro ocurri\u00f3 alrededor de las 16, cuando un Volkswagen Polo gris circulaba [&hellip;]<\/p>\n","protected":false},"author":2,"featured_media":12138,"comment_status":"open","ping_status":"open","sticky":false,"template":"","format":"standard","meta":[],"categories":[48],"tags":[],"_links":{"self":[{"href":"https:\/\/pasaenmendoza.com\/index.php?rest_route=\/wp\/v2\/posts\/12137"}],"collection":[{"href":"https:\/\/pasaenmendoza.com\/index.php?rest_route=\/wp\/v2\/posts"}],"about":[{"href":"https:\/\/pasaenmendoza.com\/index.php?rest_route=\/wp\/v2\/types\/post"}],"author":[{"embeddable":true,"href":"https:\/\/pasaenmendoza.com\/index.php?rest_route=\/wp\/v2\/users\/2"}],"replies":[{"embeddable":true,"href":"https:\/\/pasaenmendoza.com\/index.php?rest_route=%2Fwp%2Fv2%2Fcomments&post=12137"}],"version-history":[{"count":1,"href":"https:\/\/pasaenmendoza.com\/index.php?rest_route=\/wp\/v2\/posts\/12137\/revisions"}],"predecessor-version":[{"id":12139,"href":"https:\/\/pasaenmendoza.com\/index.php?rest_route=\/wp\/v2\/posts\/12137\/revisions\/12139"}],"wp:featuredmedia":[{"embeddable":true,"href":"https:\/\/pasaenmendoza.com\/index.php?rest_route=\/wp\/v2\/media\/12138"}],"wp:attachment":[{"href":"https:\/\/pasaenmendoza.com\/index.php?rest_route=%2Fwp%2Fv2%2Fmedia&parent=12137"}],"wp:term":[{"taxonomy":"category","embeddable":true,"href":"https:\/\/pasaenmendoza.com\/index.php?rest_route=%2Fwp%2Fv2%2Fcategories&post=12137"},{"taxonomy":"post_tag","embeddable":true,"href":"https:\/\/pasaenmendoza.com\/index.php?rest_route=%2Fwp%2Fv2%2Ftags&post=12137"}],"curies":[{"name":"wp","href":"https:\/\/api.w.org\/{rel}","templated":true}]}}