{"id":12140,"date":"2025-03-21T12:44:47","date_gmt":"2025-03-21T11:44:47","guid":{"rendered":"https:\/\/pasaenmendoza.com\/?p=12140"},"modified":"2025-03-21T12:44:48","modified_gmt":"2025-03-21T11:44:48","slug":"el-tiempo-en-mendoza-para-este-viernes-ultimo-dia-de-calor-y-mas-tormentas","status":"publish","type":"post","link":"https:\/\/pasaenmendoza.com\/?p=12140","title":{"rendered":"El tiempo en Mendoza para este viernes: \u00faltimo d\u00eda de calor y m\u00e1s tormentas"},"content":{"rendered":"\n<p><strong>La m\u00e1xima para este viernes ser\u00e1 de unos 32 grados cent\u00edgrados,<\/strong>&nbsp;mientras que la m\u00ednima alcanzar\u00e1 los 17 grados cent\u00edgrados.<\/p>\n\n\n\n<p>El pron\u00f3stico de la Direcci\u00f3n de Contingencias Clim\u00e1ticas adelant\u00f3 que estar\u00e1 \u201c<em>parcialmente nublado con poco cambio de la temperatura, vientos algo fuertes del sector sur en la tarde<\/em>\u201c.<\/p>\n\n\n\n<p>Adem\u00e1s, se esperan \u201c<em><strong>tormentas aisladas hacia la noche<\/strong><\/em>\u201c.<\/p>\n\n\n\n<p>Hacia el s\u00e1bado, ya comienza una reducci\u00f3n de las m\u00e1ximas.\u00a0<strong>Ese d\u00eda no superar\u00e1 los 30 grados cent\u00edgrados<\/strong>, mientras que\u00a0<strong>el domingo ser\u00e1 a\u00fan m\u00e1s fr\u00edo<\/strong>, porque la disminuci\u00f3n ser\u00e1 de unos 10 grados y apenas alcanzar\u00e1 los 20 grados cent\u00edgrados.<\/p>\n\n\n\n<p>Para el fin de semana&nbsp;<strong>se aguardan m\u00e1s tormentas y hasta chaparrones.<\/strong><\/p>\n\n\n\n<p>Ya para el lunes esas condiciones meteorol\u00f3gicas se mantendr\u00e1n.<\/p>\n\n\n\n<p><strong>Fuente: www.elsol.com.ar<\/strong><\/p>\n","protected":false},"excerpt":{"rendered":"<p>La m\u00e1xima para este viernes ser\u00e1 de unos 32 grados cent\u00edgrados,&nbsp;mientras que la m\u00ednima alcanzar\u00e1 los 17 grados cent\u00edgrados. El pron\u00f3stico de la Direcci\u00f3n de Contingencias Clim\u00e1ticas adelant\u00f3 que estar\u00e1 \u201cparcialmente nublado con poco cambio de la temperatura, vientos algo fuertes del sector sur en la tarde\u201c. Adem\u00e1s, se esperan \u201ctormentas aisladas hacia la noche\u201c. [&hellip;]<\/p>\n","protected":false},"author":2,"featured_media":12141,"comment_status":"open","ping_status":"open","sticky":false,"template":"","format":"standard","meta":[],"categories":[52],"tags":[],"_links":{"self":[{"href":"https:\/\/pasaenmendoza.com\/index.php?rest_route=\/wp\/v2\/posts\/12140"}],"collection":[{"href":"https:\/\/pasaenmendoza.com\/index.php?rest_route=\/wp\/v2\/posts"}],"about":[{"href":"https:\/\/pasaenmendoza.com\/index.php?rest_route=\/wp\/v2\/types\/post"}],"author":[{"embeddable":true,"href":"https:\/\/pasaenmendoza.com\/index.php?rest_route=\/wp\/v2\/users\/2"}],"replies":[{"embeddable":true,"href":"https:\/\/pasaenmendoza.com\/index.php?rest_route=%2Fwp%2Fv2%2Fcomments&post=12140"}],"version-history":[{"count":1,"href":"https:\/\/pasaenmendoza.com\/index.php?rest_route=\/wp\/v2\/posts\/12140\/revisions"}],"predecessor-version":[{"id":12142,"href":"https:\/\/pasaenmendoza.com\/index.php?rest_route=\/wp\/v2\/posts\/12140\/revisions\/12142"}],"wp:featuredmedia":[{"embeddable":true,"href":"https:\/\/pasaenmendoza.com\/index.php?rest_route=\/wp\/v2\/media\/12141"}],"wp:attachment":[{"href":"https:\/\/pasaenmendoza.com\/index.php?rest_route=%2Fwp%2Fv2%2Fmedia&parent=12140"}],"wp:term":[{"taxonomy":"category","embeddable":true,"href":"https:\/\/pasaenmendoza.com\/index.php?rest_route=%2Fwp%2Fv2%2Fcategories&post=12140"},{"taxonomy":"post_tag","embeddable":true,"href":"https:\/\/pasaenmendoza.com\/index.php?rest_route=%2Fwp%2Fv2%2Ftags&post=12140"}],"curies":[{"name":"wp","href":"https:\/\/api.w.org\/{rel}","templated":true}]}}