{"id":12153,"date":"2025-03-21T17:34:44","date_gmt":"2025-03-21T16:34:44","guid":{"rendered":"https:\/\/pasaenmendoza.com\/?p=12153"},"modified":"2025-03-21T17:34:45","modified_gmt":"2025-03-21T16:34:45","slug":"por-que-estamos-en-el-top-10-de-provincias-con-sueldos-mas-bajos-el-ieral-analizo-los-motivos","status":"publish","type":"post","link":"https:\/\/pasaenmendoza.com\/?p=12153","title":{"rendered":"\u00bfPor qu\u00e9 estamos en el top 10 de provincias con sueldos m\u00e1s bajos? El IERAL analiz\u00f3 los motivos"},"content":{"rendered":"\n<p>Los\u00a0economistas del\u00a0<strong>IERAL\u00a0<\/strong>de la Fundaci\u00f3n Mediterr\u00e1nea\u00a0analizaron los motivos que ubican a\u00a0<strong>Mendoza\u00a0<\/strong>entre las 10 provincias del pa\u00eds que tienen el promedio de\u00a0<strong>sueldos<\/strong>\u00a0m\u00e1s bajo, incluso por debajo de la media nacional.<\/p>\n\n\n\n<p>Seg\u00fan explicaron en el informe anual de econom\u00eda del a\u00f1o pasado y las perspectivas para \u00e9ste, a mediados del 2024 comenz\u00f3 a verse una mejora salarial en Mendoza -y la perspectiva es de crecimiento para 2025-, pero eso no impidi\u00f3 que terminase en el top ten de&nbsp;<strong>salarios<\/strong>&nbsp;mensuales promedios del sector privado registrado m\u00e1s bajos.<\/p>\n\n\n\n<p>El monto tomado como referencia en el informe fue el\u00a0<strong>promedio salarial<\/strong>\u00a0de septiembre de 2024, fijado en $1.046.545, por debajo de los sueldos medios de otras provincias de Cuyo como San Juan y San Luis; y de la media pa\u00eds, calculada para entonces en $1.297.860.<\/p>\n\n\n\n<figure class=\"wp-block-image\"><img decoding=\"async\" src=\"https:\/\/media.diariouno.com.ar\/p\/c377cf38f04f9ec7517e28091bf51ce8\/adjuntos\/298\/imagenes\/009\/516\/0009516397\/1200x0\/smart\/salarios-empleo-ieraljpg.jpg\" alt=\"La tabla de los salarios promedios del sector privado durante el a\u00f1o pasado. Fuente: IERAL con datos del Ministerio de Trabajo.\" title=\"La tabla de los salarios promedios del sector privado durante el a\u00f1o pasado. Fuente: IERAL con datos del Ministerio de Trabajo.\"\/><\/figure>\n\n\n\n<p>La tabla de los salarios promedios del sector privado durante el a\u00f1o pasado. Fuente: IERAL con datos del Ministerio de Trabajo.<\/p>\n\n\n\n<p>\u201cEs urgente mejorar la baja productividad laboral que tiene la provincia. Esto, adem\u00e1s de ser una enorme restricci\u00f3n para el crecimiento sostenido de la econom\u00eda de Mendoza, es tambi\u00e9n la principal raz\u00f3n del bajo nivel de remuneraciones\u201d, consideraron desde el&nbsp;<strong>IERAL<\/strong>.<\/p>\n\n\n\n<h2 class=\"wp-block-heading\">La baja en los salarios de empleo privado en los \u00faltimos 12 a\u00f1os<\/h2>\n\n\n\n<p>Entre los n\u00fameros que el&nbsp;<strong>IERAL&nbsp;<\/strong>aport\u00f3 para sostener sus conclusiones respecto de la baja en las remuneraciones del sector privado, figura el marcado descenso producido desde 2012 hasta hoy.<\/p>\n\n\n\n<p>El&nbsp;<strong>promedio salarial<\/strong>&nbsp;\u2013sin inflaci\u00f3n para poder hacer la comparativa a\u00f1o a a\u00f1o- baj\u00f3 m\u00e1s del 30% en 12 a\u00f1os, porcentaje que supera en m\u00e1s de 10 puntos a la baja promedio que se dio a nivel pa\u00eds.<\/p>\n\n\n\n<figure class=\"wp-block-image\"><img decoding=\"async\" src=\"https:\/\/media.diariouno.com.ar\/p\/d3ecffab5e4e47b6c013a226afd9190c\/adjuntos\/298\/imagenes\/009\/516\/0009516400\/1200x0\/smart\/salarios-empleo-ieral-1jpg.jpg\" alt=\"La baja de los salarios del empleo privado registrado en los \u00faltimos 12 a\u00f1os en Mendoza, seg\u00fan el \u00faltimo informe del IERAL.\" title=\"La baja de los salarios del empleo privado registrado en los \u00faltimos 12 a\u00f1os en Mendoza, seg\u00fan el \u00faltimo informe del IERAL.\"\/><\/figure>\n\n\n\n<p>La baja de los salarios del empleo privado registrado en los \u00faltimos 12 a\u00f1os en Mendoza, seg\u00fan el \u00faltimo informe del IERAL.<\/p>\n\n\n\n<p>De la mano, lo que baj\u00f3 fue la productividad laboral y es en ese punto en el que los economistas hicieron especial hincapi\u00e9 de cara al futuro de&nbsp;<strong>Mendoza<\/strong>.<\/p>\n\n\n\n<h2 class=\"wp-block-heading\">Mejorar la productividad laboral, clave para que crezcan los salarios en Mendoza seg\u00fan el IREAL<\/h2>\n\n\n\n<p>El equipo de economistas liderado por Gustavo Reyes y Jorge A. Day plante\u00f3 la necesidad de mejorar la&nbsp;<strong>productividad laboral<\/strong>&nbsp;en Mendoza y como causales de su ca\u00edda se\u00f1al\u00f3, por ejemplo, la baja en los indicadores de eficiencia e inversiones agregado.<\/p>\n\n\n\n<p>El&nbsp;<strong>IERAL<\/strong>&nbsp;concluy\u00f3 que esa ca\u00edda se transform\u00f3 en una de las causas m\u00e1s importante del estancamiento de la econom\u00eda mendocina en la \u00faltima d\u00e9cada y que, para avanzar en estos indicadores, es necesario: menos burocracia y tr\u00e1mites, mejores impuestos, m\u00e1s desregulaciones, mayor calidad en las inversiones p\u00fablicas, menor inseguridad y mejor infraestructura.<\/p>\n\n\n\n<figure class=\"wp-block-image\"><img decoding=\"async\" src=\"https:\/\/media.diariouno.com.ar\/p\/4ffbe839d1edc2a4f0cfd817f2886c06\/adjuntos\/298\/imagenes\/009\/516\/0009516399\/1200x0\/smart\/empleo-salarios-mendozajpg.jpg\" alt=\"El IERAL hizo foco en la baja de la productividad laboral en Mendoza.\" title=\"El IERAL hizo foco en la baja de la productividad laboral en Mendoza.\"\/><\/figure>\n\n\n\n<p>El IERAL hizo foco en la baja de la productividad laboral en Mendoza.<\/p>\n\n\n\n<p><strong>3 de cada 10 trabajadores en Mendoza no termin\u00f3 la escuela<\/strong><\/p>\n\n\n\n<p>Otro de los puntos clave analizado por el IERAL es la formaci\u00f3n del capital humano. En Mendoza, \u201ccasi un tercio de sus&nbsp;<strong>trabajadores<\/strong>&nbsp;no ha terminado la secundaria afectando l\u00f3gicamente la productividad laboral promedio de la econom\u00eda y sus&nbsp;<strong>salarios<\/strong>\u201d.<\/p>\n\n\n\n<p>Pero para ello, se necesitar\u00e1 mucho esfuerzo y tiempo, analizaron: \u201cLas \u00faltimas pruebas PISA a los estudiantes de la provincia (\u00fanica prueba posible de ser comparada con otros pa\u00edses del mundo) no fueron alentadoras. Los alumnos de&nbsp;<strong>Mendoza<\/strong>&nbsp;demostraron menos habilidades que el promedio de C\u00f3rdoba, CABA, Chile, Uruguay y M\u00e9xico\u201d.<\/p>\n\n\n\n<p>El tercer factor que incide en Mendoza en la baja de productividad laboral y se traduce en menores&nbsp;<strong>salarios<\/strong>&nbsp;de sus trabajadores es, seg\u00fan expresaron en el informe del IERAL, la alta litigiosidad en el mercado laboral.<\/p>\n\n\n\n<p>Si bien las causas que ingresan al&nbsp;<strong>fuero laboral<\/strong>&nbsp;se han reducido fuertemente entre 2017 y 2023 \u2013seg\u00fan un estudio del Poder Judicial-, desde 2019 volvieron a presentar una tendencia creciente.<\/p>\n\n\n\n<p>De hecho, explican desde el&nbsp;<strong>IERAL<\/strong>, para 2024, Mendoza \u201ces una de las provincias con mayor litigiosidad (por trabajador) en ART despu\u00e9s de Santa Fe y San Luis\u201d; y en \u201ct\u00e9rminos de siniestros laborales, presenta la mayor relaci\u00f3n de siniestros por trabajador asegurado\u201d.<\/p>\n\n\n\n<h2 class=\"wp-block-heading\">\u00bfY el salario del sector p\u00fablico?<\/h2>\n\n\n\n<p>El IERAL tambi\u00e9n analiz\u00f3, aunque en menor medida, la evoluci\u00f3n de los&nbsp;<strong>salarios<\/strong>&nbsp;del sector p\u00fablico como un factor clave a la hora de la reducci\u00f3n del gasto en las cuentas provinciales.<\/p>\n\n\n\n<p>\u201cLa reducci\u00f3n del gasto p\u00fablico en personal resulta cercana al 50%, basado en un importante ajuste en los\u00a0<strong>salarios<\/strong>\u201d en los \u00faltimos 10 a\u00f1os. \u201cDe esta forma, las remuneraciones promedio del sector p\u00fablico pasaron de ser ampliamente superiores a las del sector privado, a estar actualmente (informaci\u00f3n disponible hasta el tercer trimestre del 2024) en niveles similares, a pesar de que el promedio de los empleados p\u00fablicos trabaja menos horas semanales que el sector privado\u201d, concluyeron los economistas.<\/p>\n\n\n\n<p><strong>Fuente: www.diariouno.com.ar<\/strong><\/p>\n\n\n\n<p><a rel=\"noreferrer noopener\" href=\"https:\/\/www.facebook.com\/dialog\/feed?app_id=573206405763505&amp;link=https%3A%2F%2Fwww.diariouno.com.ar%2Feconomia%2Fpor-que-estamos-el-top-10-provincias-sueldos-mas-bajos-el-ieral-analizo-los-motivos-n1414060&amp;name=%C2%BFPor+qu%C3%A9+estamos+en+el+top+10+de+provincias+con+sueldos+m%C3%A1s+bajos%3F+El+IERAL+analiz%C3%B3+los+motivos&amp;caption=Sueldos&amp;description=Los+economistas+del+IERAL+mostraron+en+su+%C3%BAltimo+informe+que+una+de+las+grandes+trabas+para+el+crecimiento+de+Mendoza+son+los+bajos+sueldos+&amp;redirect_uri=https%3A%2F%2Fwww.diariouno.com.ar%2Feconomia%2Fpor-que-estamos-el-top-10-provincias-sueldos-mas-bajos-el-ieral-analizo-los-motivos-n1414060\" target=\"_blank\"><\/a><\/p>\n\n\n\n<p><a rel=\"noreferrer noopener\" href=\"https:\/\/twitter.com\/intent\/tweet?url=https%3A%2F%2Fwww.diariouno.com.ar%2Fc1414060&amp;related=diariouno&amp;text=%C2%BFPor+qu%C3%A9+estamos+en+el+top+10+de+provincias+con+sueldos+m%C3%A1s+bajos%3F+El+IERAL+analiz%C3%B3+los+motivos&amp;via=diariouno\" target=\"_blank\"><\/a><\/p>\n","protected":false},"excerpt":{"rendered":"<p>Los\u00a0economistas del\u00a0IERAL\u00a0de la Fundaci\u00f3n Mediterr\u00e1nea\u00a0analizaron los motivos que ubican a\u00a0Mendoza\u00a0entre las 10 provincias del pa\u00eds que tienen el promedio de\u00a0sueldos\u00a0m\u00e1s bajo, incluso por debajo de la media nacional. Seg\u00fan explicaron en el informe anual de econom\u00eda del a\u00f1o pasado y las perspectivas para \u00e9ste, a mediados del 2024 comenz\u00f3 a verse una mejora salarial en [&hellip;]<\/p>\n","protected":false},"author":2,"featured_media":12154,"comment_status":"open","ping_status":"open","sticky":false,"template":"","format":"standard","meta":[],"categories":[75],"tags":[],"_links":{"self":[{"href":"https:\/\/pasaenmendoza.com\/index.php?rest_route=\/wp\/v2\/posts\/12153"}],"collection":[{"href":"https:\/\/pasaenmendoza.com\/index.php?rest_route=\/wp\/v2\/posts"}],"about":[{"href":"https:\/\/pasaenmendoza.com\/index.php?rest_route=\/wp\/v2\/types\/post"}],"author":[{"embeddable":true,"href":"https:\/\/pasaenmendoza.com\/index.php?rest_route=\/wp\/v2\/users\/2"}],"replies":[{"embeddable":true,"href":"https:\/\/pasaenmendoza.com\/index.php?rest_route=%2Fwp%2Fv2%2Fcomments&post=12153"}],"version-history":[{"count":1,"href":"https:\/\/pasaenmendoza.com\/index.php?rest_route=\/wp\/v2\/posts\/12153\/revisions"}],"predecessor-version":[{"id":12155,"href":"https:\/\/pasaenmendoza.com\/index.php?rest_route=\/wp\/v2\/posts\/12153\/revisions\/12155"}],"wp:featuredmedia":[{"embeddable":true,"href":"https:\/\/pasaenmendoza.com\/index.php?rest_route=\/wp\/v2\/media\/12154"}],"wp:attachment":[{"href":"https:\/\/pasaenmendoza.com\/index.php?rest_route=%2Fwp%2Fv2%2Fmedia&parent=12153"}],"wp:term":[{"taxonomy":"category","embeddable":true,"href":"https:\/\/pasaenmendoza.com\/index.php?rest_route=%2Fwp%2Fv2%2Fcategories&post=12153"},{"taxonomy":"post_tag","embeddable":true,"href":"https:\/\/pasaenmendoza.com\/index.php?rest_route=%2Fwp%2Fv2%2Ftags&post=12153"}],"curies":[{"name":"wp","href":"https:\/\/api.w.org\/{rel}","templated":true}]}}