{"id":12156,"date":"2025-03-21T17:37:54","date_gmt":"2025-03-21T16:37:54","guid":{"rendered":"https:\/\/pasaenmendoza.com\/?p=12156"},"modified":"2025-03-21T17:37:55","modified_gmt":"2025-03-21T16:37:55","slug":"flor-destefanis-fue-a-la-corte-para-resolver-el-conflicto-por-fotomultas-en-la-ruta-7","status":"publish","type":"post","link":"https:\/\/pasaenmendoza.com\/?p=12156","title":{"rendered":"Flor Dest\u00e9fanis fue a la Corte para resolver el conflicto por fotomultas en la ruta 7"},"content":{"rendered":"\n<p>En una batalla cuerpo a cuerpo que la enfrenta con su Concejo Deliberante, la intendenta de Santa Rosa,\u00a0<strong>Flor Dest\u00e9fanis\u00a0<\/strong>fue directamente a la Corte Suprema y present\u00f3 una demanda para que ese m\u00e1ximo tribunal defina el conflicto de intereses que se gest\u00f3 alrededor de las<strong>\u00a0fotomultas\u00a0<\/strong>que se hac\u00edan en la\u00a0<strong>ruta 7<\/strong>.<\/p>\n\n\n\n<p>Pasa que el Concejo Deliberante orden\u00f3 el a\u00f1o pasado -con dos resoluciones- suspender el contrato para el funcionamiento y aplicaci\u00f3n de las&nbsp;<strong>fotomultas<\/strong>&nbsp;que se le hab\u00eda adjudicado a la empresa FTL S.A..<\/p>\n\n\n\n<p>Hay que recordar que esas sanciones viales se aplicaron hasta agosto del a\u00f1o pasado, cuando\u00a0<strong>el Concejo las suspendi\u00f3<\/strong>\u00a0por considerar que el proceso administrativo para ponerlas en marcha no fue el correcto, ya que deber\u00eda haber pasado por este \u00f3rgano deliberativo para su aprobaci\u00f3n o rechazo.<\/p>\n\n\n\n<p>Sin embargo, m\u00e1s tarde&nbsp;<strong>Dest\u00e9fanis vet\u00f3 por decreto la ordenanza<\/strong>, con el argumento de que el Concejo Deliberante se estaba &#8220;inmiscuyendo en las competencias y facultades conferidas por el ordenamiento jur\u00eddico al Poder Ejecutivo Municipal&#8221; al intervenir en un contrato en curso. Y resalt\u00f3 que las facultades de control de ese cuerpo no podr\u00edan ser &#8220;invasivas, exorbitantes, ni desestabilizadoras&#8221;.<\/p>\n\n\n\n<p>Tambi\u00e9n sum\u00f3 que el contrato para aplicar esas<strong>&nbsp;fotomultas<\/strong>&nbsp;no hab\u00eda sido unilateral, sino que se hab\u00eda hecho a trav\u00e9s de la licitaci\u00f3n que exige la ley.<\/p>\n\n\n\n<p>Pero el Concejo insisti\u00f3, sac\u00f3 una segunda ordenanza, lo que forz\u00f3 a que la intendenta -sin convalidar la postura de los concejales- decidiera suspender ese servicio licitado, pero con la reserva de iniciar la demanda que present\u00f3 ante la&nbsp;<strong>Corte Suprema<\/strong>, que es lo que present\u00f3 este lunes.<\/p>\n\n\n\n<h2 class=\"wp-block-heading\">Con la lupa en el contrato de las fotomultas<\/h2>\n\n\n\n<p>En la presentaci\u00f3n que hizo ante el m\u00e1ximo tribunal la intendenta remarca que el error del&nbsp;<strong>Concejo Deliberante<\/strong>&nbsp;&#8220;consiste en entender que se ha conferido a una empresa privada la recaudaci\u00f3n de rentas municipales&#8221;<\/p>\n\n\n\n<p>&#8220;No sucede tal cosa. Solamente se le encomienda la provisi\u00f3n de los mecanismos y equipos tecnol\u00f3gicos para poder determinar las infracciones, pero estas son establecidas en actas de infracci\u00f3n firmadas por funcionarios municipales competentes, juzgadas por el Juez Vial Municipal, y cobradas en cuentas municipales&#8221;, sostiene\u00a0<strong>Dest\u00e9fanis<\/strong>\u00a0en su escrito ante la Corte.<\/p>\n\n\n\n<p>Seg\u00fan afirma el contrato de las<strong>&nbsp;fotomultas<\/strong>, le daba &#8220;a un tercero el suministro de los equipos y la puesta en funcionamiento t\u00e9cnico, calibraci\u00f3n, etc., de un sistema que no est\u00e1, en esos aspectos, bajo las posibilidades del municipio&#8221;.<\/p>\n\n\n\n<p>Es decir, que se trat\u00f3 de la contrataci\u00f3n de un servicio t\u00e9cnico, dado que el Municipio no ten\u00eda ni los equipos ni la capacidad t\u00e9cnica para realizarlo por s\u00ed mismo.<\/p>\n\n\n\n<p>A la par,&nbsp;<strong>Dest\u00e9fanis&nbsp;<\/strong>advierte que ese conflicto de intereses con el Concejo Deliberante por el acuerdo de las fotomultas podr\u00eda generar un perjuicio econ\u00f3mico al municipio, &#8220;al afectar un contrato ya adjudicado legalmente, exponi\u00e9ndolo a litigios y posibles indemnizaciones&#8221;.<\/p>\n\n\n\n<h2 class=\"wp-block-heading\">Dest\u00e9fanis asegura que la suspensi\u00f3n de las fotomultas es inconstitucional<\/h2>\n\n\n\n<p>Entre los varios argumentos a los que apel\u00f3 la intendenta santarrosina en su demanda ante la Corte, aparece que a su entender la invasi\u00f3n del Concejo Deliberante en las competencias que son suyas como intendenta &#8220;implican una violaci\u00f3n a la&nbsp;<strong>Constituci\u00f3n Nacional<\/strong>, que establece el sistema republicano&#8221;<\/p>\n\n\n\n<p>Asegura que se vio obligada a apelar a la Justicia porque no pudo encauzar el conflicto en un marco legal y porque cree que est\u00e1 a las puertas de un perjuicio econ\u00f3mico para la comuna.<\/p>\n\n\n\n<p>Por eso le pide a la\u00a0<strong>Corte Suprema<\/strong>\u00a0que deje sin efecto las ordenanzas con las que el Concejo Deliberante termin\u00f3 suspendiendo las fotomultas en Santa Rosa.<\/p>\n\n\n\n<p><strong>Fuente: www.diariouno.com.ar<\/strong><\/p>\n","protected":false},"excerpt":{"rendered":"<p>En una batalla cuerpo a cuerpo que la enfrenta con su Concejo Deliberante, la intendenta de Santa Rosa,\u00a0Flor Dest\u00e9fanis\u00a0fue directamente a la Corte Suprema y present\u00f3 una demanda para que ese m\u00e1ximo tribunal defina el conflicto de intereses que se gest\u00f3 alrededor de las\u00a0fotomultas\u00a0que se hac\u00edan en la\u00a0ruta 7. Pasa que el Concejo Deliberante orden\u00f3 [&hellip;]<\/p>\n","protected":false},"author":2,"featured_media":12157,"comment_status":"open","ping_status":"open","sticky":false,"template":"","format":"standard","meta":[],"categories":[47],"tags":[],"_links":{"self":[{"href":"https:\/\/pasaenmendoza.com\/index.php?rest_route=\/wp\/v2\/posts\/12156"}],"collection":[{"href":"https:\/\/pasaenmendoza.com\/index.php?rest_route=\/wp\/v2\/posts"}],"about":[{"href":"https:\/\/pasaenmendoza.com\/index.php?rest_route=\/wp\/v2\/types\/post"}],"author":[{"embeddable":true,"href":"https:\/\/pasaenmendoza.com\/index.php?rest_route=\/wp\/v2\/users\/2"}],"replies":[{"embeddable":true,"href":"https:\/\/pasaenmendoza.com\/index.php?rest_route=%2Fwp%2Fv2%2Fcomments&post=12156"}],"version-history":[{"count":1,"href":"https:\/\/pasaenmendoza.com\/index.php?rest_route=\/wp\/v2\/posts\/12156\/revisions"}],"predecessor-version":[{"id":12158,"href":"https:\/\/pasaenmendoza.com\/index.php?rest_route=\/wp\/v2\/posts\/12156\/revisions\/12158"}],"wp:featuredmedia":[{"embeddable":true,"href":"https:\/\/pasaenmendoza.com\/index.php?rest_route=\/wp\/v2\/media\/12157"}],"wp:attachment":[{"href":"https:\/\/pasaenmendoza.com\/index.php?rest_route=%2Fwp%2Fv2%2Fmedia&parent=12156"}],"wp:term":[{"taxonomy":"category","embeddable":true,"href":"https:\/\/pasaenmendoza.com\/index.php?rest_route=%2Fwp%2Fv2%2Fcategories&post=12156"},{"taxonomy":"post_tag","embeddable":true,"href":"https:\/\/pasaenmendoza.com\/index.php?rest_route=%2Fwp%2Fv2%2Ftags&post=12156"}],"curies":[{"name":"wp","href":"https:\/\/api.w.org\/{rel}","templated":true}]}}