{"id":12159,"date":"2025-03-21T17:41:20","date_gmt":"2025-03-21T16:41:20","guid":{"rendered":"https:\/\/pasaenmendoza.com\/?p=12159"},"modified":"2025-03-21T17:41:21","modified_gmt":"2025-03-21T16:41:21","slug":"presentaron-un-nuevo-proceso-para-regularizar-canteras-y-plantas-de-aridos-sin-declaracion-de-impacto-ambiental","status":"publish","type":"post","link":"https:\/\/pasaenmendoza.com\/?p=12159","title":{"rendered":"Presentaron un nuevo proceso para regularizar canteras y plantas de \u00e1ridos sin Declaraci\u00f3n de Impacto Ambiental"},"content":{"rendered":"\n<p>La ministra de Energ\u00eda y Ambiente, Jimena Latorre; y la subsecretaria de Infraestructura, Marit\u00e9 Badui, explicaron la nueva normativa, que tiene como objetivo que los due\u00f1os de\u00a0<strong>minas<\/strong>\u00a0de tercera categor\u00eda (<strong>canteras\u00a0<\/strong>de \u00e1ridos) y plantas de tratamiento o beneficio de minerales regularicen la situaci\u00f3n ambiental de las mismas.<\/p>\n\n\n\n<p>\u201cDurante a\u00f1os, la explotaci\u00f3n de&nbsp;<strong>canteras&nbsp;<\/strong>y plantas de \u00e1ridos en Argentina ha operado con cierto grado de irregularidad. En este contexto, Mendoza se ha convertido en una de las provincias pioneras en impulsar la regulaci\u00f3n de estas actividades, avanzando hacia un sistema m\u00e1s ordenado y sostenible\u201d, explic\u00f3 a su vez el director de&nbsp;<strong>Miner\u00eda<\/strong>, Jer\u00f3nimo Shantal.<\/p>\n\n\n\n<p>La nueva resoluci\u00f3n busca que aquellas canteras de \u00e1ridos y plantas de tratamiento\u00a0que no cuenten con la\u00a0<strong>Declaraci\u00f3n de Impacto Ambiental (DIA)<\/strong>\u00a0aprobada o tengan el tr\u00e1mite en curso tengan que presentar un Informe de Partida, que deber\u00e1 contener datos generales de la operaci\u00f3n, el estado actual de la explotaci\u00f3n, la evaluaci\u00f3n de los impactos ambientales.<\/p>\n\n\n\n<h2 class=\"wp-block-heading\">Recomposici\u00f3n ambiental de minas de tercera categor\u00eda<\/h2>\n\n\n\n<p>Adem\u00e1s, la normativa establece que los titulares de las&nbsp;<strong>minas&nbsp;<\/strong>y plantas alcanzados deber\u00e1n \u201cun Plan de Remediaci\u00f3n y&nbsp;<strong>Recomposici\u00f3n Ambiental<\/strong>&nbsp;con acciones espec\u00edficas, cronograma de ejecuci\u00f3n y recursos t\u00e9cnicos y financieros\u201d, seg\u00fan explic\u00f3 director de Protecci\u00f3n Ambiental, Leonardo Fern\u00e1ndez.<\/p>\n\n\n\n<p>Para eso tendr\u00e1n 30 d\u00edas h\u00e1biles desde la entrada en vigencia de la normativa y se realizar\u00e1 exclusivamente de manera digital a trav\u00e9s del Sistema de Ticket de la Direcci\u00f3n de&nbsp;<strong>Miner\u00eda<\/strong>.<\/p>\n\n\n\n<p>El incumplimiento en la presentaci\u00f3n del Informe de Partida implicar\u00e1 la suspensi\u00f3n o cese inmediato de las actividades. La&nbsp;<strong>Autoridad Ambiental Minera (AAM)<\/strong>&nbsp;ser\u00e1 la encargada de evaluar cada informe y, una vez aprobado, los titulares deber\u00e1n ejecutar el Plan de Remediaci\u00f3n en un plazo m\u00e1ximo de seis meses.<\/p>\n\n\n\n<p>La&nbsp;<strong>Polic\u00eda Ambiental Minera<\/strong>&nbsp;realizar\u00e1 inspecciones peri\u00f3dicas para fiscalizar el cumplimiento de las medidas presentadas.<\/p>\n\n\n\n<h2 class=\"wp-block-heading\">El ojo puesto en Campo Cacheuta, zona de minas de tercera categor\u00eda<\/h2>\n\n\n\n<p>Seg\u00fan explicaron desde el Ministerio de Energ\u00eda y Ambiente una de las zonas prioritarias de intervenci\u00f3n ser\u00e1 Campo Cacheuta, hist\u00f3ricamente impactada por actividades irregulares e inseguras que han afectado los cauces del Arroyo Las Avispas y Arroyo Las&nbsp;<strong>Minas<\/strong>.<\/p>\n\n\n\n<p>En paralelo, dicen, se comenzar\u00e1 a trabajar para reducir las tasas administrativas que afectan a los&nbsp;<strong>productores mineros<\/strong>, permitiendo reasignar fondos a la implementaci\u00f3n de medidas de seguridad, compra de b\u00e1sculas y regularizaci\u00f3n de sus informes de impacto ambiental, promoviendo adem\u00e1s la contrataci\u00f3n de profesionales locales.<\/p>\n\n\n\n<p>Tambi\u00e9n se modernizar\u00e1 el sistema de registro de\u00a0<strong>Gu\u00edas de Transporte de Minerales<\/strong>, lo que permitir\u00e1 un mejor control del peso de los camiones y la trazabilidad de los minerales y sustancias p\u00e9treas transportadas en la provincia, previniendo el deterioro de rutas nacionales y provinciales.<\/p>\n\n\n\n<p>Por \u00faltimo, los municipios y organismos provinciales como la Direcci\u00f3n de Hidr\u00e1ulica y el Departamento General de Irrigaci\u00f3n participar\u00e1n en el an\u00e1lisis t\u00e9cnico de cada proyecto, especialmente cuando existan cauces h\u00eddricos involucrados. La resoluci\u00f3n final de cada expediente ser\u00e1 dictada por la\u00a0<strong>Autoridad Ambiental Minera<\/strong>\u00a0en un plazo de 20 d\u00edas h\u00e1biles, y en caso de dictamen t\u00e9cnico negativo se proceder\u00e1 a la clausura inmediata del establecimiento hasta su regularizaci\u00f3n.<\/p>\n\n\n\n<p><strong>Fuente: www.diariouno.com.ar<\/strong><\/p>\n","protected":false},"excerpt":{"rendered":"<p>La ministra de Energ\u00eda y Ambiente, Jimena Latorre; y la subsecretaria de Infraestructura, Marit\u00e9 Badui, explicaron la nueva normativa, que tiene como objetivo que los due\u00f1os de\u00a0minas\u00a0de tercera categor\u00eda (canteras\u00a0de \u00e1ridos) y plantas de tratamiento o beneficio de minerales regularicen la situaci\u00f3n ambiental de las mismas. \u201cDurante a\u00f1os, la explotaci\u00f3n de&nbsp;canteras&nbsp;y plantas de \u00e1ridos en [&hellip;]<\/p>\n","protected":false},"author":2,"featured_media":12160,"comment_status":"open","ping_status":"open","sticky":false,"template":"","format":"standard","meta":[],"categories":[116],"tags":[],"_links":{"self":[{"href":"https:\/\/pasaenmendoza.com\/index.php?rest_route=\/wp\/v2\/posts\/12159"}],"collection":[{"href":"https:\/\/pasaenmendoza.com\/index.php?rest_route=\/wp\/v2\/posts"}],"about":[{"href":"https:\/\/pasaenmendoza.com\/index.php?rest_route=\/wp\/v2\/types\/post"}],"author":[{"embeddable":true,"href":"https:\/\/pasaenmendoza.com\/index.php?rest_route=\/wp\/v2\/users\/2"}],"replies":[{"embeddable":true,"href":"https:\/\/pasaenmendoza.com\/index.php?rest_route=%2Fwp%2Fv2%2Fcomments&post=12159"}],"version-history":[{"count":1,"href":"https:\/\/pasaenmendoza.com\/index.php?rest_route=\/wp\/v2\/posts\/12159\/revisions"}],"predecessor-version":[{"id":12161,"href":"https:\/\/pasaenmendoza.com\/index.php?rest_route=\/wp\/v2\/posts\/12159\/revisions\/12161"}],"wp:featuredmedia":[{"embeddable":true,"href":"https:\/\/pasaenmendoza.com\/index.php?rest_route=\/wp\/v2\/media\/12160"}],"wp:attachment":[{"href":"https:\/\/pasaenmendoza.com\/index.php?rest_route=%2Fwp%2Fv2%2Fmedia&parent=12159"}],"wp:term":[{"taxonomy":"category","embeddable":true,"href":"https:\/\/pasaenmendoza.com\/index.php?rest_route=%2Fwp%2Fv2%2Fcategories&post=12159"},{"taxonomy":"post_tag","embeddable":true,"href":"https:\/\/pasaenmendoza.com\/index.php?rest_route=%2Fwp%2Fv2%2Ftags&post=12159"}],"curies":[{"name":"wp","href":"https:\/\/api.w.org\/{rel}","templated":true}]}}