{"id":12162,"date":"2025-03-21T17:44:59","date_gmt":"2025-03-21T16:44:59","guid":{"rendered":"https:\/\/pasaenmendoza.com\/?p=12162"},"modified":"2025-03-21T17:45:00","modified_gmt":"2025-03-21T16:45:00","slug":"como-sera-la-atencion-de-los-comercios-durante-el-feriado","status":"publish","type":"post","link":"https:\/\/pasaenmendoza.com\/?p=12162","title":{"rendered":"C\u00f3mo ser\u00e1 la atenci\u00f3n de los comercios durante el feriado"},"content":{"rendered":"\n<p>Se aproxima un nuevo&nbsp;<strong>fin de semana largo,<\/strong>&nbsp;en conmemoraci\u00f3n del D<strong>\u00eda Nacional de la Memoria<\/strong>&nbsp;por la&nbsp;<strong>Verdad y la Justicia<\/strong>. Ser\u00e1 una oportunidad para reflexionar sobre la historia del pa\u00eds, pero tambi\u00e9n para disfrutar del feriado.<\/p>\n\n\n\n<p>Ante esto, las autoridades de la C\u00e1mara Empresaria de Comercio, Industria, Turismo y Servicios (<strong>Cecitys<\/strong>) dieron a conocer detalles de c\u00f3mo funcionar\u00e1 el comercio durante el feriado del 24 de marzo.<\/p>\n\n\n\n<p>De esta forma, expresaron que de acuerdo con un relevamiento realizado con los propietarios que forman parte de los comercios del centro, la mayor\u00eda decidi\u00f3 abrir las puertas de sus locales mediod\u00eda.<\/p>\n\n\n\n<p>En tanto, advirtieron que la atenci\u00f3n durante el s\u00e1bado ser\u00e1 normal.<\/p>\n\n\n\n<p><strong>Fuente: www.elsol.com.ar<\/strong><\/p>\n","protected":false},"excerpt":{"rendered":"<p>Se aproxima un nuevo&nbsp;fin de semana largo,&nbsp;en conmemoraci\u00f3n del D\u00eda Nacional de la Memoria&nbsp;por la&nbsp;Verdad y la Justicia. Ser\u00e1 una oportunidad para reflexionar sobre la historia del pa\u00eds, pero tambi\u00e9n para disfrutar del feriado. Ante esto, las autoridades de la C\u00e1mara Empresaria de Comercio, Industria, Turismo y Servicios (Cecitys) dieron a conocer detalles de c\u00f3mo [&hellip;]<\/p>\n","protected":false},"author":2,"featured_media":12163,"comment_status":"open","ping_status":"open","sticky":false,"template":"","format":"standard","meta":[],"categories":[112],"tags":[],"_links":{"self":[{"href":"https:\/\/pasaenmendoza.com\/index.php?rest_route=\/wp\/v2\/posts\/12162"}],"collection":[{"href":"https:\/\/pasaenmendoza.com\/index.php?rest_route=\/wp\/v2\/posts"}],"about":[{"href":"https:\/\/pasaenmendoza.com\/index.php?rest_route=\/wp\/v2\/types\/post"}],"author":[{"embeddable":true,"href":"https:\/\/pasaenmendoza.com\/index.php?rest_route=\/wp\/v2\/users\/2"}],"replies":[{"embeddable":true,"href":"https:\/\/pasaenmendoza.com\/index.php?rest_route=%2Fwp%2Fv2%2Fcomments&post=12162"}],"version-history":[{"count":1,"href":"https:\/\/pasaenmendoza.com\/index.php?rest_route=\/wp\/v2\/posts\/12162\/revisions"}],"predecessor-version":[{"id":12164,"href":"https:\/\/pasaenmendoza.com\/index.php?rest_route=\/wp\/v2\/posts\/12162\/revisions\/12164"}],"wp:featuredmedia":[{"embeddable":true,"href":"https:\/\/pasaenmendoza.com\/index.php?rest_route=\/wp\/v2\/media\/12163"}],"wp:attachment":[{"href":"https:\/\/pasaenmendoza.com\/index.php?rest_route=%2Fwp%2Fv2%2Fmedia&parent=12162"}],"wp:term":[{"taxonomy":"category","embeddable":true,"href":"https:\/\/pasaenmendoza.com\/index.php?rest_route=%2Fwp%2Fv2%2Fcategories&post=12162"},{"taxonomy":"post_tag","embeddable":true,"href":"https:\/\/pasaenmendoza.com\/index.php?rest_route=%2Fwp%2Fv2%2Ftags&post=12162"}],"curies":[{"name":"wp","href":"https:\/\/api.w.org\/{rel}","templated":true}]}}