{"id":12165,"date":"2025-03-25T13:09:25","date_gmt":"2025-03-25T12:09:25","guid":{"rendered":"https:\/\/pasaenmendoza.com\/?p=12165"},"modified":"2025-03-25T13:09:26","modified_gmt":"2025-03-25T12:09:26","slug":"martes-lluvioso-y-frio-asi-estara-el-tiempo-en-mendoza","status":"publish","type":"post","link":"https:\/\/pasaenmendoza.com\/?p=12165","title":{"rendered":"Martes lluvioso y fr\u00edo: as\u00ed estar\u00e1 el tiempo en Mendoza"},"content":{"rendered":"\n<p>Desde el s\u00e1bado en la tarde,\u00a0<strong>Mendoza entr\u00f3 en un sorpresivo frente fr\u00edo<\/strong>\u00a0en el que las temperaturas bajaron considerablemente en toda la provincia. Desde aquel entonces, las m\u00e1ximas<strong>\u00a0no han superado los 15 grados.<\/strong><\/p>\n\n\n\n<p>Para este martes, jornada que tuvo un comienzo con&nbsp;<strong>lloviznas<\/strong>, se espera que sea un d\u00eda nublado y fr\u00edo, con precipitaciones. La m\u00ednima ser\u00e1 de 10\u00b0C y la m\u00e1xima de 14\u00b0C.<\/p>\n\n\n\n<p>El&nbsp;<strong>Servicio Meteorol\u00f3gico Nacional<\/strong>&nbsp;emiti\u00f3 un alerta naranja para General Alvear y zonas de San Rafael por fuertes tormentas. Y tambi\u00e9n otra alerta de color amarillo para las zonas sur y tambi\u00e9n este por lluvias.<\/p>\n\n\n\n<p><strong>El mi\u00e9rcoles subir\u00e1 considerablemente la temperatura<\/strong>, que llegar\u00e1 a los 22\u00b0C. El jueves trepar\u00e1 hasta los 27\u00b0C y el viernes se mantendr\u00e1 en esa l\u00ednea.<\/p>\n\n\n\n<p><strong>Fuente: www.elsol.com.ar<\/strong><\/p>\n","protected":false},"excerpt":{"rendered":"<p>Desde el s\u00e1bado en la tarde,\u00a0Mendoza entr\u00f3 en un sorpresivo frente fr\u00edo\u00a0en el que las temperaturas bajaron considerablemente en toda la provincia. Desde aquel entonces, las m\u00e1ximas\u00a0no han superado los 15 grados. Para este martes, jornada que tuvo un comienzo con&nbsp;lloviznas, se espera que sea un d\u00eda nublado y fr\u00edo, con precipitaciones. La m\u00ednima ser\u00e1 [&hellip;]<\/p>\n","protected":false},"author":2,"featured_media":12166,"comment_status":"open","ping_status":"open","sticky":false,"template":"","format":"standard","meta":[],"categories":[52],"tags":[],"_links":{"self":[{"href":"https:\/\/pasaenmendoza.com\/index.php?rest_route=\/wp\/v2\/posts\/12165"}],"collection":[{"href":"https:\/\/pasaenmendoza.com\/index.php?rest_route=\/wp\/v2\/posts"}],"about":[{"href":"https:\/\/pasaenmendoza.com\/index.php?rest_route=\/wp\/v2\/types\/post"}],"author":[{"embeddable":true,"href":"https:\/\/pasaenmendoza.com\/index.php?rest_route=\/wp\/v2\/users\/2"}],"replies":[{"embeddable":true,"href":"https:\/\/pasaenmendoza.com\/index.php?rest_route=%2Fwp%2Fv2%2Fcomments&post=12165"}],"version-history":[{"count":1,"href":"https:\/\/pasaenmendoza.com\/index.php?rest_route=\/wp\/v2\/posts\/12165\/revisions"}],"predecessor-version":[{"id":12167,"href":"https:\/\/pasaenmendoza.com\/index.php?rest_route=\/wp\/v2\/posts\/12165\/revisions\/12167"}],"wp:featuredmedia":[{"embeddable":true,"href":"https:\/\/pasaenmendoza.com\/index.php?rest_route=\/wp\/v2\/media\/12166"}],"wp:attachment":[{"href":"https:\/\/pasaenmendoza.com\/index.php?rest_route=%2Fwp%2Fv2%2Fmedia&parent=12165"}],"wp:term":[{"taxonomy":"category","embeddable":true,"href":"https:\/\/pasaenmendoza.com\/index.php?rest_route=%2Fwp%2Fv2%2Fcategories&post=12165"},{"taxonomy":"post_tag","embeddable":true,"href":"https:\/\/pasaenmendoza.com\/index.php?rest_route=%2Fwp%2Fv2%2Ftags&post=12165"}],"curies":[{"name":"wp","href":"https:\/\/api.w.org\/{rel}","templated":true}]}}