{"id":12168,"date":"2025-03-25T13:24:18","date_gmt":"2025-03-25T12:24:18","guid":{"rendered":"https:\/\/pasaenmendoza.com\/?p=12168"},"modified":"2025-03-25T13:24:19","modified_gmt":"2025-03-25T12:24:19","slug":"caputo-declaro-la-emergencia-agropecuaria-en-mendoza","status":"publish","type":"post","link":"https:\/\/pasaenmendoza.com\/?p=12168","title":{"rendered":"Caputo declar\u00f3 la emergencia agropecuaria en Mendoza"},"content":{"rendered":"\n<p>El\u00a0<strong>Gobierno nacional a trav\u00e9s del Ministerio de Econom\u00eda<\/strong>, declar\u00f3 el\u00a0<strong>estado de emergencia y\/o desastre agropecuario<\/strong>\u00a0en varias zonas de la provincia de\u00a0<strong>Mendoza<\/strong>.\u00a0<\/p>\n\n\n\n<p>Esta medida se formaliz\u00f3 mediante la Resoluci\u00f3n 304\/2025, publicada en el Bolet\u00edn Oficial este martes 25 de marzo de 2025, y con la firma del ministro\u00a0Luis Caputo.<\/p>\n\n\n\n<p>La decisi\u00f3n se basa en los da\u00f1os ocasionados por fen\u00f3menos clim\u00e1ticos adversos, como el viento Zonda, heladas y tormentas de granizo, que han afectado a las explotaciones agropecuarias en distintos distritos de Mendoza.\u00a0<\/p>\n\n\n\n<p>El per\u00edodo de emergencia se establece\u00a0<strong>desde el 1 de diciembre de 2024 hasta el 31 de marzo de 2026.<\/strong><\/p>\n\n\n\n<p><strong><em><u>\u00a0Los distritos afectados incluyen:<\/u><\/em><\/strong><\/p>\n\n\n\n<figure class=\"wp-block-table\"><table><tbody><tr><td>&nbsp;Departamentos<\/td><td>Zonas afectadas<\/td><\/tr><tr><td>&nbsp; San Carlos<\/td><td>&nbsp; La Consulta, Villa San Carlos y Eugenio Bustos<\/td><\/tr><tr><td>&nbsp; Tunuy\u00e1n<\/td><td>&nbsp; Colonia Las Rosas, Tunuy\u00e1n, Vista Flores, El Totoral, La Primavera y Villa Seca<\/td><\/tr><tr><td>&nbsp; Tupungato<\/td><td>&nbsp; Cord\u00f3n del Plata, El Zampalito, La Arboleda y Tupungato<\/td><\/tr><tr><td>&nbsp; Jun\u00edn<\/td><td>&nbsp; Algarrobo Grande, Jun\u00edn, La Colonia, Los Barriales y Phillips<\/td><\/tr><tr><td>&nbsp; La Paz<\/td><td>&nbsp; La Paz y Villa Antigua<\/td><\/tr><tr><td>&nbsp; Rivadavia<\/td><td>&nbsp; El Mirador, La Libertad, Reducci\u00f3n, Rivadavia y Santa Mar\u00eda de Oro<\/td><\/tr><tr><td>&nbsp; San Mart\u00edn<\/td><td>&nbsp; Alto Salvador, Alto Verde, Buen Orden, Chivilcoy, El Espino,&nbsp; El Rambl\u00f3n, Las Chimbas, Montecaseros, Chapanay y El Central<\/td><\/tr><tr><td>&nbsp; Santa Rosa<\/td><td>&nbsp; 12 de Octubre, La Dormida, Las Catitas y Santa Rosa<\/td><\/tr><tr><td>&nbsp; Guaymall\u00e9n<\/td><td>&nbsp; Villa Nueva<\/td><\/tr><tr><td>&nbsp; Lavalle<\/td><td>&nbsp; Tres de Mayo y Tulumaya<\/td><\/tr><tr><td>&nbsp; Maip\u00fa<\/td><td>&nbsp; Fray Luis Beltr\u00e1n y Rodeo del Medio<\/td><\/tr><tr><td>&nbsp; General Alvear<\/td><td>&nbsp; Alvear Oeste, Bowen, General Alvear y San Pedro del Atuel.<\/td><\/tr><tr><td>&nbsp; San Rafael<\/td><td>&nbsp; Ca\u00f1ada Seca, Cuadro Benegas, Cuadro Nacional, El Cerrito, Goudge, Jaime Prats, La Llave, Monte Com\u00e1n, Rama Ca\u00edda, Real del Padre, San Rafael y Villa Atuel.<\/td><\/tr><\/tbody><\/table><\/figure>\n\n\n\n<p>Esta resoluci\u00f3n tiene como objetivo brindar apoyo a los productores afectados, quienes deber\u00e1n presentar un certificado emitido por la autoridad competente de la provincia para acceder a los beneficios establecidos por la ley 26.509 y sus modificatorias.\u00a0<\/p>\n\n\n\n<p>Entre los beneficios contemplados se incluyen pr\u00f3rrogas en el pago de impuestos y asistencia financiera por parte de entidades bancarias nacionales y organismos oficiales. La\u00a0<strong>Agencia de Recaudaci\u00f3n y Control Aduanero (ARCA)<\/strong>\u00a0tambi\u00e9n implementar\u00e1 medidas de alivio fiscal para los productores damnificados.<\/p>\n\n\n\n<p>Asimismo, la Secretar\u00eda de Agricultura, Ganader\u00eda y Pesca del Ministerio de Econom\u00eda ha sido instruida para establecer convenios y realizar gestiones administrativas que aseguren la aplicaci\u00f3n efectiva de la ley y la resoluci\u00f3n vigente.<\/p>\n\n\n\n<p>Adem\u00e1s, se anticipa que organismos como el INTA y el Banco Naci\u00f3n brindar\u00e1n apoyo t\u00e9cnico y financiero para facilitar la reactivaci\u00f3n de la producci\u00f3n.<\/p>\n\n\n\n<p>Entre los beneficios previstos se destacan:<\/p>\n\n\n\n<p><strong>-Pr\u00f3rrogas en el pago de impuestos<\/strong>: Los productores tendr\u00e1n la posibilidad de diferir el cumplimiento de sus obligaciones fiscales, lo que les permitir\u00e1 aliviar la carga econ\u00f3mica sobre sus explotaciones.<\/p>\n\n\n\n<p><strong>-Asistencia financiera<\/strong>: Se ofrecer\u00e1 acceso a l\u00edneas de cr\u00e9dito con tasas preferenciales, facilitando as\u00ed la recuperaci\u00f3n de la actividad productiva.<\/p>\n\n\n\n<p><strong>-Suspensi\u00f3n de ejecuciones fiscales<\/strong>: Se detendr\u00e1n los procesos de cobro compulsivo de deudas impositivas, proporcionando un respiro a los afectados.<\/p>\n\n\n\n<p><strong>Fuente: www.mendozapost.com<\/strong><\/p>\n","protected":false},"excerpt":{"rendered":"<p>El\u00a0Gobierno nacional a trav\u00e9s del Ministerio de Econom\u00eda, declar\u00f3 el\u00a0estado de emergencia y\/o desastre agropecuario\u00a0en varias zonas de la provincia de\u00a0Mendoza.\u00a0 Esta medida se formaliz\u00f3 mediante la Resoluci\u00f3n 304\/2025, publicada en el Bolet\u00edn Oficial este martes 25 de marzo de 2025, y con la firma del ministro\u00a0Luis Caputo. La decisi\u00f3n se basa en los da\u00f1os [&hellip;]<\/p>\n","protected":false},"author":2,"featured_media":12169,"comment_status":"open","ping_status":"open","sticky":false,"template":"","format":"standard","meta":[],"categories":[75],"tags":[],"_links":{"self":[{"href":"https:\/\/pasaenmendoza.com\/index.php?rest_route=\/wp\/v2\/posts\/12168"}],"collection":[{"href":"https:\/\/pasaenmendoza.com\/index.php?rest_route=\/wp\/v2\/posts"}],"about":[{"href":"https:\/\/pasaenmendoza.com\/index.php?rest_route=\/wp\/v2\/types\/post"}],"author":[{"embeddable":true,"href":"https:\/\/pasaenmendoza.com\/index.php?rest_route=\/wp\/v2\/users\/2"}],"replies":[{"embeddable":true,"href":"https:\/\/pasaenmendoza.com\/index.php?rest_route=%2Fwp%2Fv2%2Fcomments&post=12168"}],"version-history":[{"count":1,"href":"https:\/\/pasaenmendoza.com\/index.php?rest_route=\/wp\/v2\/posts\/12168\/revisions"}],"predecessor-version":[{"id":12170,"href":"https:\/\/pasaenmendoza.com\/index.php?rest_route=\/wp\/v2\/posts\/12168\/revisions\/12170"}],"wp:featuredmedia":[{"embeddable":true,"href":"https:\/\/pasaenmendoza.com\/index.php?rest_route=\/wp\/v2\/media\/12169"}],"wp:attachment":[{"href":"https:\/\/pasaenmendoza.com\/index.php?rest_route=%2Fwp%2Fv2%2Fmedia&parent=12168"}],"wp:term":[{"taxonomy":"category","embeddable":true,"href":"https:\/\/pasaenmendoza.com\/index.php?rest_route=%2Fwp%2Fv2%2Fcategories&post=12168"},{"taxonomy":"post_tag","embeddable":true,"href":"https:\/\/pasaenmendoza.com\/index.php?rest_route=%2Fwp%2Fv2%2Ftags&post=12168"}],"curies":[{"name":"wp","href":"https:\/\/api.w.org\/{rel}","templated":true}]}}