{"id":12171,"date":"2025-03-25T13:40:44","date_gmt":"2025-03-25T12:40:44","guid":{"rendered":"https:\/\/pasaenmendoza.com\/?p=12171"},"modified":"2025-03-25T13:40:45","modified_gmt":"2025-03-25T12:40:45","slug":"tragedia-en-las-heras-un-hombre-cayo-de-un-arbol-y-murio","status":"publish","type":"post","link":"https:\/\/pasaenmendoza.com\/?p=12171","title":{"rendered":"Tragedia en Las Heras: un hombre cay\u00f3 de un \u00e1rbol y muri\u00f3"},"content":{"rendered":"\n<p>Durante la tarde este lunes, un\u00a0<strong>hombre muri\u00f3 tras caer de un \u00e1rbol<\/strong>\u00a0en la calle\u00a0<strong>Libertad al 2130\u00a0<\/strong>de\u00a0<strong>Las Heras<\/strong>. La v\u00edctima fue identificada como<strong>\u00a0Roberto Pallero<\/strong>,de 66 a\u00f1os.\u00a0<\/p>\n\n\n\n<p>Seg\u00fan informaron fuentes policiales, alrededor de las 16 se recibi\u00f3 un llamado a la l\u00ednea de emergencia alertando sobre la\u00a0<strong>ca\u00edda de un hombre de un \u00e1rbol<\/strong>. Personal policial se traslad\u00f3 al lugar y entrevist\u00f3 a una mujer, quien explic\u00f3 que su esposo estaba podando ramas de gran tama\u00f1o desde una altura de aproximadamente tres metros.\u00a0<\/p>\n\n\n\n<p>\u00a0Durante la tarea, una de las ramas lo golpe\u00f3, provocando que perdiera el equilibrio y\u00a0<strong>cayera dentro de una acequia.\u00a0<\/strong><\/p>\n\n\n\n<p>Personal del&nbsp;<strong>Servicio de Emergencia Coordinado (SEC)<\/strong>&nbsp;lleg\u00f3 r\u00e1pidamente y procedi\u00f3 a trasladar a&nbsp;<strong>Pallero<\/strong>&nbsp;al&nbsp;<strong>Hospital Carrillo<\/strong>. All\u00ed, los m\u00e9dicos diagnosticaron un&nbsp;<strong>traumatismo de cr\u00e1neo grave, con p\u00e9rdida de conocimiento no recuperado<\/strong>. Posteriormente, fue trasladado al&nbsp;<strong>Hospital Central<\/strong>&nbsp;en estado cr\u00edtico.<\/p>\n\n\n\n<p>A pesar de los esfuerzos m\u00e9dicos, su estado era cr\u00edtico debido a las lesiones sufridas en la ca\u00edda, y\u00a0<strong>falleci\u00f3 en el Hospital Central<\/strong>. Las autoridades contin\u00faan investigando las circunstancias del accidente y est\u00e1n llevando a cabo las diligencias correspondientes.<\/p>\n\n\n\n<p><strong>Fuente: www.mendozapost.com<\/strong><\/p>\n","protected":false},"excerpt":{"rendered":"<p>Durante la tarde este lunes, un\u00a0hombre muri\u00f3 tras caer de un \u00e1rbol\u00a0en la calle\u00a0Libertad al 2130\u00a0de\u00a0Las Heras. La v\u00edctima fue identificada como\u00a0Roberto Pallero,de 66 a\u00f1os.\u00a0 Seg\u00fan informaron fuentes policiales, alrededor de las 16 se recibi\u00f3 un llamado a la l\u00ednea de emergencia alertando sobre la\u00a0ca\u00edda de un hombre de un \u00e1rbol. Personal policial se traslad\u00f3 [&hellip;]<\/p>\n","protected":false},"author":2,"featured_media":12172,"comment_status":"open","ping_status":"open","sticky":false,"template":"","format":"standard","meta":[],"categories":[48],"tags":[],"_links":{"self":[{"href":"https:\/\/pasaenmendoza.com\/index.php?rest_route=\/wp\/v2\/posts\/12171"}],"collection":[{"href":"https:\/\/pasaenmendoza.com\/index.php?rest_route=\/wp\/v2\/posts"}],"about":[{"href":"https:\/\/pasaenmendoza.com\/index.php?rest_route=\/wp\/v2\/types\/post"}],"author":[{"embeddable":true,"href":"https:\/\/pasaenmendoza.com\/index.php?rest_route=\/wp\/v2\/users\/2"}],"replies":[{"embeddable":true,"href":"https:\/\/pasaenmendoza.com\/index.php?rest_route=%2Fwp%2Fv2%2Fcomments&post=12171"}],"version-history":[{"count":1,"href":"https:\/\/pasaenmendoza.com\/index.php?rest_route=\/wp\/v2\/posts\/12171\/revisions"}],"predecessor-version":[{"id":12173,"href":"https:\/\/pasaenmendoza.com\/index.php?rest_route=\/wp\/v2\/posts\/12171\/revisions\/12173"}],"wp:featuredmedia":[{"embeddable":true,"href":"https:\/\/pasaenmendoza.com\/index.php?rest_route=\/wp\/v2\/media\/12172"}],"wp:attachment":[{"href":"https:\/\/pasaenmendoza.com\/index.php?rest_route=%2Fwp%2Fv2%2Fmedia&parent=12171"}],"wp:term":[{"taxonomy":"category","embeddable":true,"href":"https:\/\/pasaenmendoza.com\/index.php?rest_route=%2Fwp%2Fv2%2Fcategories&post=12171"},{"taxonomy":"post_tag","embeddable":true,"href":"https:\/\/pasaenmendoza.com\/index.php?rest_route=%2Fwp%2Fv2%2Ftags&post=12171"}],"curies":[{"name":"wp","href":"https:\/\/api.w.org\/{rel}","templated":true}]}}