{"id":12174,"date":"2025-03-25T20:08:44","date_gmt":"2025-03-25T19:08:44","guid":{"rendered":"https:\/\/pasaenmendoza.com\/?p=12174"},"modified":"2025-03-25T20:08:45","modified_gmt":"2025-03-25T19:08:45","slug":"macri-se-prepara-para-su-visita-a-mendoza-y-el-pro-fija-su-postura-nuestro-limite-es-cornejo","status":"publish","type":"post","link":"https:\/\/pasaenmendoza.com\/?p=12174","title":{"rendered":"Macri se prepara para su visita a Mendoza y el PRO fija su postura: &#8220;Nuestro l\u00edmite es Cornejo&#8221;"},"content":{"rendered":"\n<p><strong>Mauricio Macri se alista para visitar Mendoza a principios de abril<\/strong>, como parte de su gira por C\u00f3rdoba y la provincia cuyana. Este viaje se enmarca en el contexto de las elecciones de 2025, y\u00a0<strong>el PRO mendocino<\/strong>\u00a0est\u00e1 trabajando en su estrategia local, en medio de un panorama electoral complicado.<\/p>\n\n\n\n<p>La visita de Macri a Mendoza, aunque a\u00fan no confirmada, es vista como una oportunidad clave para<strong>\u00a0fortalecer al PRO en la provincia.<\/strong>\u00a0El partido tiene en sus filas a Gabriel Pradines, presidente del PRO local, y a Esteban Allasino, quien ocupa la intendencia de Luj\u00e1n, uno de los activos m\u00e1s destacados del espacio.<\/p>\n\n\n\n<p>En el plano local, desde el PRO aseguran que tienen &#8220;v\u00eda libre&#8221; de Macri para conformar un frente contra Alfredo Cornejo, exgobernador y l\u00edder de la UCR en Mendoza<strong>. La idea es fortalecer la alianza La Uni\u00f3n Mendocina (LUM<\/strong>) y reconfigurar su estrategia en funci\u00f3n de los nuevos desaf\u00edos. Una de las solicitudes de Macri es lograr que el PRO coloque un diputado nacional en un puesto alcanzable, tras el cambio de \u00c1lvaro Mart\u00ednez, quien dej\u00f3 de ser referente del PRO para unirse a La Libertad Avanza.<\/p>\n\n\n\n<p><strong>El PRO de Mendoz<\/strong>a\u00a0<strong>tambi\u00e9n se est\u00e1 preparando para un cambio en su estructura interna, pasando de un sistema &#8220;verticalista&#8221; bajo la figura de Omar De Marchi a uno m\u00e1s &#8220;horizontal&#8221;, enfocado en ideas pol\u00edticas m\u00e1s que en figuras individuales.<\/strong> De Marchi, que se retir\u00f3 de la escena pol\u00edtica local y se incorpor\u00f3 al gobierno de Javier Milei, est\u00e1 alineado con Cornejo, quien tambi\u00e9n explora una posible alianza con LLA. Sin embargo, desde el PRO mendocino dejan claro que su &#8220;l\u00edmite&#8221; es Cornejo.<\/p>\n\n\n\n<p>Aunque el panorama nacional tiene su influencia, los dirigentes del\u00a0PRO en Mendoza\u00a0subrayan que las decisiones locales deben tomarse en funci\u00f3n de las realidades provinciales. Aseguran que si la oposici\u00f3n se fragmenta, perder\u00e1n la oportunidad electoral. Por ello, se enfocan en unificar a la oposici\u00f3n bajo &#8220;tres o cuatro grandes ideas&#8221; que puedan dar claridad al electorado.<\/p>\n\n\n\n<p><strong>Fuente: www.diariomendoza.com.ar<\/strong><\/p>\n","protected":false},"excerpt":{"rendered":"<p>Mauricio Macri se alista para visitar Mendoza a principios de abril, como parte de su gira por C\u00f3rdoba y la provincia cuyana. Este viaje se enmarca en el contexto de las elecciones de 2025, y\u00a0el PRO mendocino\u00a0est\u00e1 trabajando en su estrategia local, en medio de un panorama electoral complicado. La visita de Macri a Mendoza, [&hellip;]<\/p>\n","protected":false},"author":2,"featured_media":12175,"comment_status":"open","ping_status":"open","sticky":false,"template":"","format":"standard","meta":[],"categories":[47],"tags":[],"_links":{"self":[{"href":"https:\/\/pasaenmendoza.com\/index.php?rest_route=\/wp\/v2\/posts\/12174"}],"collection":[{"href":"https:\/\/pasaenmendoza.com\/index.php?rest_route=\/wp\/v2\/posts"}],"about":[{"href":"https:\/\/pasaenmendoza.com\/index.php?rest_route=\/wp\/v2\/types\/post"}],"author":[{"embeddable":true,"href":"https:\/\/pasaenmendoza.com\/index.php?rest_route=\/wp\/v2\/users\/2"}],"replies":[{"embeddable":true,"href":"https:\/\/pasaenmendoza.com\/index.php?rest_route=%2Fwp%2Fv2%2Fcomments&post=12174"}],"version-history":[{"count":1,"href":"https:\/\/pasaenmendoza.com\/index.php?rest_route=\/wp\/v2\/posts\/12174\/revisions"}],"predecessor-version":[{"id":12176,"href":"https:\/\/pasaenmendoza.com\/index.php?rest_route=\/wp\/v2\/posts\/12174\/revisions\/12176"}],"wp:featuredmedia":[{"embeddable":true,"href":"https:\/\/pasaenmendoza.com\/index.php?rest_route=\/wp\/v2\/media\/12175"}],"wp:attachment":[{"href":"https:\/\/pasaenmendoza.com\/index.php?rest_route=%2Fwp%2Fv2%2Fmedia&parent=12174"}],"wp:term":[{"taxonomy":"category","embeddable":true,"href":"https:\/\/pasaenmendoza.com\/index.php?rest_route=%2Fwp%2Fv2%2Fcategories&post=12174"},{"taxonomy":"post_tag","embeddable":true,"href":"https:\/\/pasaenmendoza.com\/index.php?rest_route=%2Fwp%2Fv2%2Ftags&post=12174"}],"curies":[{"name":"wp","href":"https:\/\/api.w.org\/{rel}","templated":true}]}}