{"id":12180,"date":"2025-03-25T20:24:58","date_gmt":"2025-03-25T19:24:58","guid":{"rendered":"https:\/\/pasaenmendoza.com\/?p=12180"},"modified":"2025-03-25T20:24:59","modified_gmt":"2025-03-25T19:24:59","slug":"imputaron-a-4-directivos-y-ex-directivos-de-fecovita-por-estafa-en-perjuicio-de-iberte","status":"publish","type":"post","link":"https:\/\/pasaenmendoza.com\/?p=12180","title":{"rendered":"Imputaron a 4 directivos y ex directivos de Fecovita por estafa en perjuicio de Iberte"},"content":{"rendered":"\n<p>La Unidad Fiscal de Delitos Econ\u00f3micos imput\u00f3 este martes a 4 directivos y ex directivos de\u00a0<strong>Fecovita\u00a0<\/strong>por el delito de estafa en perjuicio de la empresa Iberte.<\/p>\n\n\n\n<p>Se trata del presidente, Rub\u00e9n&nbsp;<strong>Panella<\/strong>; el gerente general, Juan \u00c1ngel&nbsp;<strong>Rodr\u00edguez<\/strong>, y los ex directivos Eduardo&nbsp;<strong>Sancho&nbsp;<\/strong>y Jorge&nbsp;<strong>Ira\u00f1eta<\/strong>, quienes se presentaron con sus abogados defensores en la Unidad Fiscal de&nbsp;<strong>Delitos Econ\u00f3micos<\/strong>.<\/p>\n\n\n\n<p>As\u00ed lo hab\u00eda dispuesto el fiscal jefe,&nbsp;<strong>Alejandro Iturbide<\/strong>, quien particip\u00f3 personalmente de las audiencias de notificaci\u00f3n de las imputaciones a cada uno de los directivos y ex directivos de&nbsp;<strong>Fecovita<\/strong>.<\/p>\n\n\n\n<p>Los imputados\u00a0<strong>apelaron\u00a0<\/strong>esta imputaci\u00f3n, que deber\u00e1 ser tratada por un Tribunal Penal Colegiado. Tambi\u00e9n\u00a0<strong>recusaron\u00a0<\/strong>al fiscal investigador,\u00a0<strong>Juan Ticheli<\/strong>, y al fiscal jefe,\u00a0<strong>Iturbide<\/strong>, para apartarlos ya que, seg\u00fan los abogados defensores, con sus acciones afectaron a\u00a0<strong>Fecovita\u00a0<\/strong>y sus negocios en el exterior.<\/p>\n\n\n\n<h2 class=\"wp-block-heading\">Directivos y ex directivos de Fecovita, bajo proceso penal<\/h2>\n\n\n\n<p>Sancho, Panella, Ira\u00f1eta y Rodr\u00edguez, todos de&nbsp;<strong>Fecovita<\/strong>, quedaron bajo proceso judicial tras la denuncia penal de la empresa&nbsp;<strong>Iberte&nbsp;<\/strong>y la evaluaci\u00f3n de las pruebas presentadas y producidas por la Unidad Fiscal de Delitos Econ\u00f3micos.<\/p>\n\n\n\n<p>Con el devenir del proceso judicial que continuar\u00e1 de ahora en m\u00e1s, los&nbsp;<strong>imputados&nbsp;<\/strong>arriesgan hasta 6 a\u00f1os de prisi\u00f3n.<\/p>\n\n\n\n<p>Tal como se hab\u00eda estipulado a comienzos de este mes, la Unidad Fiscal de Delitos Econ\u00f3micos dispuso que los cuatro\u00a0<strong>imputados\u00a0<\/strong>sigan en libertad ya que, seg\u00fan el magistrado, no entorpecer\u00e1n el desarrollo de la investigaci\u00f3n por el delito de\u00a0<strong>estafa<\/strong>.<\/p>\n\n\n\n<h2 class=\"wp-block-heading\">Fecovita, la pesquisa<\/h2>\n\n\n\n<p>La&nbsp;<strong>Unidad Fiscal de Delitos Econ\u00f3micos<\/strong>&nbsp;investiga si los imputados desviaron a cuentas propias los $3.139 millones en capital invertidos por la empresa Iberte en una presunta sociedad con&nbsp;<strong>Fecovita<\/strong>.<\/p>\n\n\n\n<p>Previamente, se habr\u00edan producido incumplimientos de contrato con&nbsp;<strong>Iberte,&nbsp;<\/strong>lo que deriv\u00f3 en la denuncia penal y posterior pesquisa por el delito de estafa.<\/p>\n\n\n\n<p>La Unidad Fiscal de Delitos Econ\u00f3micos solicit\u00f3 a la Unidad de Apoyo para la Investigaci\u00f3n\u00a0<strong>Fiscal\u00a0<\/strong>(Udapif) que informe sobre los inmuebles registrados y los muebles registrables inscriptos a nombre de los imputados.<\/p>\n\n\n\n<p><strong>Fuente: www.diariouno.com.ar<\/strong><\/p>\n","protected":false},"excerpt":{"rendered":"<p>La Unidad Fiscal de Delitos Econ\u00f3micos imput\u00f3 este martes a 4 directivos y ex directivos de\u00a0Fecovita\u00a0por el delito de estafa en perjuicio de la empresa Iberte. Se trata del presidente, Rub\u00e9n&nbsp;Panella; el gerente general, Juan \u00c1ngel&nbsp;Rodr\u00edguez, y los ex directivos Eduardo&nbsp;Sancho&nbsp;y Jorge&nbsp;Ira\u00f1eta, quienes se presentaron con sus abogados defensores en la Unidad Fiscal de&nbsp;Delitos Econ\u00f3micos. [&hellip;]<\/p>\n","protected":false},"author":2,"featured_media":12181,"comment_status":"open","ping_status":"open","sticky":false,"template":"","format":"standard","meta":[],"categories":[71],"tags":[],"_links":{"self":[{"href":"https:\/\/pasaenmendoza.com\/index.php?rest_route=\/wp\/v2\/posts\/12180"}],"collection":[{"href":"https:\/\/pasaenmendoza.com\/index.php?rest_route=\/wp\/v2\/posts"}],"about":[{"href":"https:\/\/pasaenmendoza.com\/index.php?rest_route=\/wp\/v2\/types\/post"}],"author":[{"embeddable":true,"href":"https:\/\/pasaenmendoza.com\/index.php?rest_route=\/wp\/v2\/users\/2"}],"replies":[{"embeddable":true,"href":"https:\/\/pasaenmendoza.com\/index.php?rest_route=%2Fwp%2Fv2%2Fcomments&post=12180"}],"version-history":[{"count":1,"href":"https:\/\/pasaenmendoza.com\/index.php?rest_route=\/wp\/v2\/posts\/12180\/revisions"}],"predecessor-version":[{"id":12182,"href":"https:\/\/pasaenmendoza.com\/index.php?rest_route=\/wp\/v2\/posts\/12180\/revisions\/12182"}],"wp:featuredmedia":[{"embeddable":true,"href":"https:\/\/pasaenmendoza.com\/index.php?rest_route=\/wp\/v2\/media\/12181"}],"wp:attachment":[{"href":"https:\/\/pasaenmendoza.com\/index.php?rest_route=%2Fwp%2Fv2%2Fmedia&parent=12180"}],"wp:term":[{"taxonomy":"category","embeddable":true,"href":"https:\/\/pasaenmendoza.com\/index.php?rest_route=%2Fwp%2Fv2%2Fcategories&post=12180"},{"taxonomy":"post_tag","embeddable":true,"href":"https:\/\/pasaenmendoza.com\/index.php?rest_route=%2Fwp%2Fv2%2Ftags&post=12180"}],"curies":[{"name":"wp","href":"https:\/\/api.w.org\/{rel}","templated":true}]}}