{"id":12183,"date":"2025-03-25T20:34:14","date_gmt":"2025-03-25T19:34:14","guid":{"rendered":"https:\/\/pasaenmendoza.com\/?p=12183"},"modified":"2025-03-25T20:34:15","modified_gmt":"2025-03-25T19:34:15","slug":"hallazgo-en-laguna-del-diamante-los-incas-usaban-el-volcan-maipo-para-medir-los-cambios-de-estaciones","status":"publish","type":"post","link":"https:\/\/pasaenmendoza.com\/?p=12183","title":{"rendered":"Hallazgo en Laguna del Diamante: los incas usaban el volc\u00e1n Maipo para medir los cambios de estaciones"},"content":{"rendered":"\n<p>Un\u00a0<strong>hallazgo<\/strong>\u00a0arqueoastron\u00f3mico sin precedentes se registr\u00f3 en las \u00faltimas horas en la\u00a0<strong>Laguna del Diamante<\/strong>, una de las reservas naturales m\u00e1s imponentes de Mendoza, situada en el departamento de San Carlos, a unos 220 km de la capital. Investigadores identificaron una construcci\u00f3n\u00a0<strong>inca<\/strong>\u00a0que marcaba el equinoccio utilizando el\u00a0<strong>volc\u00e1n Maipo<\/strong>\u00a0como referencia. Para corroborar el descubrimiento, los cient\u00edficos compartieron\u00a0im\u00e1genes exclusivas de la puesta del sol del jueves 20 de marzo.<\/p>\n\n\n\n<p>El equinoccio es un fen\u00f3meno<strong>\u00a0astron\u00f3mico<\/strong>\u00a0que ocurre dos veces al a\u00f1o, entre el 20 y 21 de marzo y entre el 22 y 23 de septiembre, cuando el Sol se encuentra alineado con el Ecuador terrestre, igualando la duraci\u00f3n del d\u00eda y la noche en todo el planeta. En el hemisferio sur, ello marca el inicio del oto\u00f1o y de la primavera respectivamente.<\/p>\n\n\n\n<p>Un equipo de<strong>&nbsp;cient\u00edficos<\/strong>, con el apoyo de guardaparques, est\u00e1 documentando el evento en un sitio hasta ahora inexplorado de la<strong>&nbsp;Laguna del Diamante<\/strong>. El lugar est\u00e1 conformado por una alineaci\u00f3n de rocas de unos 50 metros de extensi\u00f3n orientadas hacia el&nbsp;<strong>volc\u00e1n Maipo<\/strong>, marcando con precisi\u00f3n la puesta del sol en el equinoccio de marzo.<\/p>\n\n\n\n<p>&#8220;Las mediciones astron\u00f3micas eran fundamentales para los incas, ya que les permit\u00edan calcular el tiempo y ajustar sus&nbsp;<strong>calendarios agr\u00edcolas y rituales<\/strong>&#8220;, explic\u00f3&nbsp;<strong>V\u00edctor Dur\u00e1n<\/strong>, investigador del&nbsp;<strong>CONICET<\/strong>&nbsp;en el Laboratorio de Paleoecolog\u00eda Humana (LPEH), dependiente del Instituto Interdisciplinario de Ciencias B\u00e1sicas (ICB), CONICET-UNCuyo.<\/p>\n\n\n\n<h2 class=\"wp-block-heading\">El volc\u00e1n que fue referencia para los incas<\/h2>\n\n\n\n<p>El sitio, denominado LD-30, fue medido en una expedici\u00f3n&nbsp;<strong>arqueol\u00f3gica<\/strong>&nbsp;realizada en enero. Dur\u00e1n indic\u00f3 que mientras el sitio LD-26 hab\u00eda sido construido para marcar el solsticio, LD-30 se utilizaba para registrar el equinoccio.<\/p>\n\n\n\n<p>&#8220;Ahora necesit\u00e1bamos confirmarlo con fotograf\u00edas que evidenciaran el uso de esta estructura para marcar el equinoccio&#8221;, detall\u00f3 Dur\u00e1n. Agreg\u00f3 que el emplazamiento est\u00e1 pr\u00f3ximo a la casa de los guardaparques y se proyecta la construcci\u00f3n de un centro de interpretaci\u00f3n en 2026, para que los visitantes comprendan la relevancia de estos vestigios<strong>\u00a0incas<\/strong>\u00a0y la importancia sagrada de la Caldera del Diamante.<\/p>\n\n\n\n<p>Este descubrimiento reafirma el inmenso valor patrimonial del \u00c1rea Natural Protegida. &#8220;En los \u00faltimos cuatro a\u00f1os, hemos identificado alrededor de 40 sitios arqueol\u00f3gicos en la&nbsp;<strong>Laguna del Diamante<\/strong>&nbsp;con estructuras pircadas, lo que evidencia la relevancia que los incas dieron a esta regi\u00f3n, que marcaba el&nbsp;<strong>l\u00edmite sur<\/strong>&nbsp;de su expansi\u00f3n&#8221;, subray\u00f3 Dur\u00e1n.<\/p>\n\n\n\n<p>Parte de estos&nbsp;<strong>hallazgos<\/strong>&nbsp;ha sido aceptada recientemente para publicaci\u00f3n en una prestigiosa revista cient\u00edfica internacional. Los estudios sugieren que los incas erigieron en este sitio un paisaje sagrado, donde la veneraci\u00f3n al volc\u00e1n Maipo y la&nbsp;<strong>Laguna del Diamante<\/strong>&nbsp;jugaban un rol central.<\/p>\n\n\n\n<h2 class=\"wp-block-heading\">&#8220;El impacto cient\u00edfico de este hallazgo inca es significativo&#8221;<\/h2>\n\n\n\n<p>&#8220;El impacto<strong>&nbsp;cient\u00edfico<\/strong>&nbsp;de nuestro proyecto es significativo y refuerza el valor del \u00c1rea Protegida como patrimonio hist\u00f3rico&#8221;, asegur\u00f3 Dur\u00e1n.<\/p>\n\n\n\n<p>El equipo de investigaci\u00f3n est\u00e1 compuesto por la doctora Mar\u00eda Sol Z\u00e1rate (LPEH), Sixto Gim\u00e9nez y Gustavo Corrado (Universidad Nacional de La Plata), adem\u00e1s de Joaqu\u00edn Rodr\u00edguez Richard, Dar\u00edo Trillas y Emiliano Castillo (Paleoecolog\u00eda Humana) y los guardaparques de la Direcci\u00f3n de \u00c1reas Protegidas del Gobierno de Mendoza y del \u00c1rea Natural Protegida<strong>\u00a0Laguna del Diamante.<\/strong>\u00a0Entre ellos, Mario Cataldo, Iv\u00e1n Forn\u00e9s, Santiago Orellano, Alejandro Guajardo, Fernanda Bustos, Emanuel Rodr\u00edguez, Iv\u00e1n Se\u00f1a Jimena Mart\u00ednez y H\u00e9ctor Olivares.<\/p>\n\n\n\n<p>El<strong>&nbsp;proyecto<\/strong>, que se desarrolla en conjunto entre el Laboratorio de Paleoecolog\u00eda Humana y la Direcci\u00f3n de \u00c1reas Protegidas, cuenta con el aval del programa SIIP de la Universidad Nacional de Cuyo (UNCuyo) y el&nbsp;<strong>CONICET<\/strong>, con financiamiento de la Fundaci\u00f3n Williams y la Estancia El Sosneado de SOMINAR S.A.<\/p>\n\n\n\n<p>&#8220;Nuestro trabajo confirma que hace 500 a\u00f1os los<strong>&nbsp;incas<\/strong>&nbsp;ocuparon la cuenca alta de los r\u00edos Diamante y Maipo, en Argentina y Chile, marcando aqu\u00ed el l\u00edmite meridional de su imperio, el Tawantinsuyu&#8221;, asegur\u00f3 Dur\u00e1n.<\/p>\n\n\n\n<h2 class=\"wp-block-heading\">Para los incas el volc\u00e1n Maipo era un Dios<\/h2>\n\n\n\n<p>Los incas consideraban al volc\u00e1n Maipo un Dios, un &#8220;apu&#8221;, y a la&nbsp;<strong>Laguna del Diamante<\/strong>&nbsp;como un posible lugar de origen de humanos y animales, una &#8220;pacarina&#8221;. &#8220;Seguramente le ped\u00edan al apu que les proveyera agua, esencial para la vida y la agricultura. Se cree que realizaban peregrinaciones desde la actual Santiago de Chile, donde ten\u00edan su centro administrativo regional m\u00e1s importante&#8221;, detall\u00f3 el investigador.<\/p>\n\n\n\n<p>Se han identificado sitios en la<strong>\u00a0Laguna del Diamante<\/strong>\u00a0donde los incas realizaban rituales y observaciones astron\u00f3micas vinculadas al movimiento aparente del sol. En a\u00f1os anteriores, se llevaron a cabo estudios arqueol\u00f3gicos y arqueoastron\u00f3micos en el sitio LD-26, que marcaba la puesta del sol durante el solsticio de verano (21 de diciembre).<\/p>\n\n\n\n<p>A partir del \u00faltimo jueves, nuevas evidencias refuerzan los<strong>&nbsp;hallazgos<\/strong>&nbsp;de 2024, cuando los especialistas identificaron estructuras arquitect\u00f3nicas que indicar\u00edan la existencia de un antiguo&nbsp;<strong>paisaje sagrado<\/strong>.<\/p>\n\n\n\n<p>Lo revolucionario de este\u00a0<strong>descubrimiento<\/strong>\u00a0radica en que, por un lado, prueba que los\u00a0<strong>incas<\/strong>\u00a0construyeron hace cinco siglos un entorno ceremonial compuesto por m\u00e1s de cuarenta estructuras, rodeando el\u00a0<strong>volc\u00e1n Maipo<\/strong>\u00a0y la Laguna del Diamante. Y por otro, ratifica lo establecido en 1999 por el cient\u00edfico Alejandro Garc\u00eda, en el sentido de que el imperio incaico se extendi\u00f3 hasta el r\u00edo Diamante.<\/p>\n\n\n\n<p><strong>Fuente: www.diariouno.com.ar<\/strong><\/p>\n","protected":false},"excerpt":{"rendered":"<p>Un\u00a0hallazgo\u00a0arqueoastron\u00f3mico sin precedentes se registr\u00f3 en las \u00faltimas horas en la\u00a0Laguna del Diamante, una de las reservas naturales m\u00e1s imponentes de Mendoza, situada en el departamento de San Carlos, a unos 220 km de la capital. Investigadores identificaron una construcci\u00f3n\u00a0inca\u00a0que marcaba el equinoccio utilizando el\u00a0volc\u00e1n Maipo\u00a0como referencia. Para corroborar el descubrimiento, los cient\u00edficos compartieron\u00a0im\u00e1genes exclusivas [&hellip;]<\/p>\n","protected":false},"author":2,"featured_media":12184,"comment_status":"open","ping_status":"open","sticky":false,"template":"","format":"standard","meta":[],"categories":[50],"tags":[],"_links":{"self":[{"href":"https:\/\/pasaenmendoza.com\/index.php?rest_route=\/wp\/v2\/posts\/12183"}],"collection":[{"href":"https:\/\/pasaenmendoza.com\/index.php?rest_route=\/wp\/v2\/posts"}],"about":[{"href":"https:\/\/pasaenmendoza.com\/index.php?rest_route=\/wp\/v2\/types\/post"}],"author":[{"embeddable":true,"href":"https:\/\/pasaenmendoza.com\/index.php?rest_route=\/wp\/v2\/users\/2"}],"replies":[{"embeddable":true,"href":"https:\/\/pasaenmendoza.com\/index.php?rest_route=%2Fwp%2Fv2%2Fcomments&post=12183"}],"version-history":[{"count":1,"href":"https:\/\/pasaenmendoza.com\/index.php?rest_route=\/wp\/v2\/posts\/12183\/revisions"}],"predecessor-version":[{"id":12185,"href":"https:\/\/pasaenmendoza.com\/index.php?rest_route=\/wp\/v2\/posts\/12183\/revisions\/12185"}],"wp:featuredmedia":[{"embeddable":true,"href":"https:\/\/pasaenmendoza.com\/index.php?rest_route=\/wp\/v2\/media\/12184"}],"wp:attachment":[{"href":"https:\/\/pasaenmendoza.com\/index.php?rest_route=%2Fwp%2Fv2%2Fmedia&parent=12183"}],"wp:term":[{"taxonomy":"category","embeddable":true,"href":"https:\/\/pasaenmendoza.com\/index.php?rest_route=%2Fwp%2Fv2%2Fcategories&post=12183"},{"taxonomy":"post_tag","embeddable":true,"href":"https:\/\/pasaenmendoza.com\/index.php?rest_route=%2Fwp%2Fv2%2Ftags&post=12183"}],"curies":[{"name":"wp","href":"https:\/\/api.w.org\/{rel}","templated":true}]}}