{"id":12186,"date":"2025-03-25T23:02:30","date_gmt":"2025-03-25T22:02:30","guid":{"rendered":"https:\/\/pasaenmendoza.com\/?p=12186"},"modified":"2025-03-25T23:02:30","modified_gmt":"2025-03-25T22:02:30","slug":"condenaron-a-un-subcomisario-por-el-homicidio-de-un-joven-durante-un-enfrentamiento-policial-en-mendoza","status":"publish","type":"post","link":"https:\/\/pasaenmendoza.com\/?p=12186","title":{"rendered":"Condenaron a un subcomisario por el homicidio de un joven durante un enfrentamiento policial en Mendoza"},"content":{"rendered":"\n<p>Un subcomisario de la Polic\u00eda de Mendoza&nbsp;<strong>fue condenado este martes a tres a\u00f1os de prisi\u00f3n en suspenso&nbsp;<\/strong>por el&nbsp;<strong>homicidio culposo&nbsp;<\/strong>de Mat\u00edas Leandro Dom\u00ednguez, un joven de 26 a\u00f1os, en un caso que dej\u00f3 al descubierto un violento enfrentamiento entre vecinos y efectivos policiales en el barrio Santa Teresita de Las Heras en junio de 2021.<\/p>\n\n\n\n<p>El juez Diego Lusverti dio a conocer la sentencia tras homologar un acuerdo entre las partes (defensa y fiscal\u00eda), sentenciando al subcomisario Luis Ram\u00edrez por \u201chomicidio culposo\u201d.<\/p>\n\n\n\n<p>La resoluci\u00f3n judicial contempl\u00f3\u00a0<strong>tres a\u00f1os de prisi\u00f3n en suspenso\u00a0<\/strong>e inhabilitaci\u00f3n para ejercer cargos p\u00fablicos por el doble del tiempo de su condena.<\/p>\n\n\n\n<p>Los acontecimientos que desencadenaron en el crimen de Dom\u00ednguez comenzaron el viernes 11 de junio del a\u00f1o citado, cuando efectivos de la&nbsp;<strong>Unidad Especial de Patrullaje&nbsp;<\/strong>departamental detuvieron a Brian Araya, un joven de 19 a\u00f1os, por tenencia de drogas. La detenci\u00f3n se realiz\u00f3 en las intersecciones de las calles El Portillo y Alsina, en un sector del barrio Santa Teresita que ya ven\u00eda presentando una alta tensi\u00f3n social en los d\u00edas previos.<\/p>\n\n\n\n<p>La captura de Araya provoc\u00f3 una inmediata y virulenta reacci\u00f3n entre los vecinos del lugar, quienes comenzaron a agredir a los polic\u00edas con una intensidad que oblig\u00f3 al despliegue de efectivos de Infanter\u00eda para contener la situaci\u00f3n. El ambiente era claramente hostil, con un grupo de residentes enfrent\u00e1ndose a las fuerzas de seguridad.<\/p>\n\n\n\n<p>En medio del ca\u00f3tico escenario, caracterizado por el lanzamiento de piedras y el uso de postas de goma, el subcomisario Ram\u00edrez sac\u00f3 su arma reglamentaria e hizo un disparo que result\u00f3 ser fatal.<\/p>\n\n\n\n<p>El proyectil, posteriormente identificado de calibre 9 mil\u00edmetros, impact\u00f3 directamente en el t\u00f3rax de Mat\u00edas Dom\u00ednguez, quien se encontraba en la zona comprendida entre las calles Lisandro Moyano y Tres de Febrero.<\/p>\n\n\n\n<p>La investigaci\u00f3n judicial, liderada por la fiscal de Homicidios\u00a0<strong>Andrea Lazo<\/strong>, revel\u00f3 detalles cruciales sobre el hecho de sangre. El an\u00e1lisis bal\u00edstico, que comprendi\u00f3 el estudio de 25 armas policiales secuestradas durante los enfrentamientos, confirm\u00f3 que el plomo que acab\u00f3 con la vida de Dom\u00ednguez proven\u00eda del arma del subcomisario Ram\u00edrez.<\/p>\n\n\n\n<p>Seg\u00fan las declaraciones de testigos, incluyendo otros uniformados que se encontraban cerca de Ram\u00edrez en ese momento, el subcomisario fue visto desenfundando y disparando su arma reglamentaria durante los momentos m\u00e1s \u00e1lgidos del enfrentamiento. La distancia entre Ram\u00edrez y la v\u00edctima se estim\u00f3 en aproximadamente 100 metros, un dato que result\u00f3 fundamental para la caracterizaci\u00f3n legal del hecho, ya que no tuvo intenci\u00f3n de causar la muerte.<\/p>\n\n\n\n<p>Dom\u00ednguez qued\u00f3 tendido en medio de la calle. Los vecinos, desesperados, comenzaron a gritar pidiendo auxilio. Finalmente, un habitante del sector tom\u00f3 su camioneta y traslad\u00f3 al herido hasta el\u00a0<strong>Hospital Carrillo<\/strong>, donde los m\u00e9dicos solo pudieron constatar su deceso.<\/p>\n\n\n\n<p>La muerte de Dom\u00ednguez desencaden\u00f3 una fuerte reacci\u00f3n comunitaria. Al d\u00eda siguiente, familiares y vecinos se congregaron frente a la Comisar\u00eda 36\u00aa para exigir justicia. La protesta escal\u00f3 r\u00e1pidamente: primero cortaron la calle frente a la dependencia policial y quemaron neum\u00e1ticos. Dos d\u00edas despu\u00e9s del hecho, el grupo lleg\u00f3 a incendiar la entrada de la comisar\u00eda y pint\u00f3 grafitis con la leyenda\u00a0<em><strong>\u201cGatillo f\u00e1cil\u201d\u00a0<\/strong><\/em>en sus paredes frontales.<\/p>\n\n\n\n<p><strong>Fuente: www.elsol.com.ar<\/strong><\/p>\n","protected":false},"excerpt":{"rendered":"<p>Un subcomisario de la Polic\u00eda de Mendoza&nbsp;fue condenado este martes a tres a\u00f1os de prisi\u00f3n en suspenso&nbsp;por el&nbsp;homicidio culposo&nbsp;de Mat\u00edas Leandro Dom\u00ednguez, un joven de 26 a\u00f1os, en un caso que dej\u00f3 al descubierto un violento enfrentamiento entre vecinos y efectivos policiales en el barrio Santa Teresita de Las Heras en junio de 2021. El [&hellip;]<\/p>\n","protected":false},"author":2,"featured_media":12187,"comment_status":"open","ping_status":"open","sticky":false,"template":"","format":"standard","meta":[],"categories":[48],"tags":[],"_links":{"self":[{"href":"https:\/\/pasaenmendoza.com\/index.php?rest_route=\/wp\/v2\/posts\/12186"}],"collection":[{"href":"https:\/\/pasaenmendoza.com\/index.php?rest_route=\/wp\/v2\/posts"}],"about":[{"href":"https:\/\/pasaenmendoza.com\/index.php?rest_route=\/wp\/v2\/types\/post"}],"author":[{"embeddable":true,"href":"https:\/\/pasaenmendoza.com\/index.php?rest_route=\/wp\/v2\/users\/2"}],"replies":[{"embeddable":true,"href":"https:\/\/pasaenmendoza.com\/index.php?rest_route=%2Fwp%2Fv2%2Fcomments&post=12186"}],"version-history":[{"count":1,"href":"https:\/\/pasaenmendoza.com\/index.php?rest_route=\/wp\/v2\/posts\/12186\/revisions"}],"predecessor-version":[{"id":12188,"href":"https:\/\/pasaenmendoza.com\/index.php?rest_route=\/wp\/v2\/posts\/12186\/revisions\/12188"}],"wp:featuredmedia":[{"embeddable":true,"href":"https:\/\/pasaenmendoza.com\/index.php?rest_route=\/wp\/v2\/media\/12187"}],"wp:attachment":[{"href":"https:\/\/pasaenmendoza.com\/index.php?rest_route=%2Fwp%2Fv2%2Fmedia&parent=12186"}],"wp:term":[{"taxonomy":"category","embeddable":true,"href":"https:\/\/pasaenmendoza.com\/index.php?rest_route=%2Fwp%2Fv2%2Fcategories&post=12186"},{"taxonomy":"post_tag","embeddable":true,"href":"https:\/\/pasaenmendoza.com\/index.php?rest_route=%2Fwp%2Fv2%2Ftags&post=12186"}],"curies":[{"name":"wp","href":"https:\/\/api.w.org\/{rel}","templated":true}]}}